{"id":28191,"date":"2023-03-03T08:37:47","date_gmt":"2023-03-03T08:37:47","guid":{"rendered":"https:\/\/africansristg1.wpenginepowered.com\/jovens-africanos-desafiados-a-lutar-por-uma-africa-unida\/"},"modified":"2023-04-27T15:08:38","modified_gmt":"2023-04-27T15:08:38","slug":"jovens-africanos-desafiados-a-lutar-por-uma-africa-unida","status":"publish","type":"post","link":"https:\/\/www.africansrising.org\/pt-pt\/jovens-africanos-desafiados-a-lutar-por-uma-africa-unida\/","title":{"rendered":"Jovens africanos desafiados a lutar por uma \u00c1frica unida"},"content":{"rendered":"\t\t<div data-elementor-type=\"wp-post\" data-elementor-id=\"28191\" class=\"elementor elementor-28191 elementor-24349\" data-elementor-post-type=\"post\">\n\t\t\t\t\t\t<section class=\"elementor-section elementor-top-section elementor-element elementor-element-5501163c elementor-section-boxed elementor-section-height-default elementor-section-height-default\" data-id=\"5501163c\" data-element_type=\"section\" data-e-type=\"section\">\n\t\t\t\t\t\t<div class=\"elementor-container elementor-column-gap-default\">\n\t\t\t\t\t<div class=\"elementor-column elementor-col-100 elementor-top-column elementor-element elementor-element-13ca2afe\" data-id=\"13ca2afe\" data-element_type=\"column\" data-e-type=\"column\">\n\t\t\t<div class=\"elementor-widget-wrap elementor-element-populated\">\n\t\t\t\t\t\t<div class=\"elementor-element elementor-element-73fc1796 elementor-widget elementor-widget-text-editor\" data-id=\"73fc1796\" data-element_type=\"widget\" data-e-type=\"widget\" data-widget_type=\"text-editor.default\">\n\t\t\t\t<div class=\"elementor-widget-container\">\n\t\t\t\t\t\t\t\t\t<p><b>Jovens<\/b> <b>africanos desafiados a lutar por uma \u00c1frica unida<\/b> <\/p>\n<p><span style=\"font-weight: 400;\">A peti\u00e7\u00e3o do povo para a Campanha da \u00c1frica Sem Fronteiras j\u00e1 est\u00e1 ativa e aceitando assinaturas. Com o objetivo de obter o apoio de 20 milh\u00f5es de africanos, a peti\u00e7\u00e3o foi lan\u00e7ada durante uma reuni\u00e3o virtual de alto n\u00edvel em 20 de fevereiro de 2023, que come\u00e7ou com a m\u00fasica-tema Africans Rising interpretada por uma jovem artista feminina, <\/span><b>Od\u00e9lia Koroma<\/b><span style=\"font-weight: 400;\">. O encontro reuniu mais de uma centena de pessoas da \u00c1frica e da Di\u00e1spora e contou com palestrantes de alto n\u00edvel, como <\/span><b>Balozi Hammad Salah <\/b><span style=\"font-weight: 400;\">de<\/span> <span style=\"font-weight: 400;\">de<\/span><b> AUC<\/b><span style=\"font-weight: 400;\">,  <\/span><b>Honor\u00e1vel Deputado Dzifa Gomashie <\/b><span style=\"font-weight: 400;\">de<\/span><b> Ghana<\/b><span style=\"font-weight: 400;\">,  <\/span><b>Mem\u00f3ria Kachambwa Diretor Executivo <\/b><span style=\"font-weight: 400;\">de<\/span><b> FEMNET <\/b><span style=\"font-weight: 400;\">e <\/span><b>Kim Poole <\/b><span style=\"font-weight: 400;\">um<\/span><b> artista perform\u00e1tico de fus\u00e3o de alma <\/b><span style=\"font-weight: 400;\">e<\/span><b> colega fundador.<\/b><\/p>\n<p><span style=\"font-weight: 400;\">Discuss\u00f5es<\/span> <span style=\"font-weight: 400;\">na reuni\u00e3o enfocou as barreiras e desafios que os africanos enfrentam ao cruzar as fronteiras nacionais. Os jovens africanos foram chamados a exigir a ratifica\u00e7\u00e3o do protocolo de livre com\u00e9rcio e circula\u00e7\u00e3o por todos os pa\u00edses africanos, para que as viagens entre os pa\u00edses se tornem mais f\u00e1ceis para os cidad\u00e3os africanos. Essa solidariedade coletiva \u00e9 o que a \u00c1frica precisa para encorajar solu\u00e7\u00f5es concebidas e lideradas por africanos para desafios e metas de desenvolvimento em todo o continente.<\/span><\/p>\n\t\t\t\t\t\t\t\t<\/div>\n\t\t\t\t<\/div>\n\t\t\t\t\t<\/div>\n\t\t<\/div>\n\t\t\t\t\t<\/div>\n\t\t<\/section>\n\t\t\t\t<section class=\"elementor-section elementor-top-section elementor-element elementor-element-12ad3cb elementor-section-boxed elementor-section-height-default elementor-section-height-default\" data-id=\"12ad3cb\" data-element_type=\"section\" data-e-type=\"section\" data-settings=\"{&quot;background_background&quot;:&quot;classic&quot;}\">\n\t\t\t\t\t\t<div class=\"elementor-container elementor-column-gap-default\">\n\t\t\t\t\t<div class=\"elementor-column elementor-col-50 elementor-top-column elementor-element elementor-element-677998c\" data-id=\"677998c\" data-element_type=\"column\" data-e-type=\"column\">\n\t\t\t<div class=\"elementor-widget-wrap elementor-element-populated\">\n\t\t\t\t\t\t<div class=\"elementor-element elementor-element-3d6454b elementor-widget elementor-widget-testimonial\" data-id=\"3d6454b\" data-element_type=\"widget\" data-e-type=\"widget\" data-widget_type=\"testimonial.default\">\n\t\t\t\t<div class=\"elementor-widget-container\">\n\t\t\t\t\t\t\t<div class=\"elementor-testimonial-wrapper\">\n\t\t\t\t\t\t\t<div class=\"elementor-testimonial-content\"><p>\u201cO verdadeiro trunfo de \u00c1frica n\u00e3o s\u00e3o os recursos naturais, mas sim os jovens, uma vez que entre os mil milh\u00f5es de africanos no continente mais de um ter\u00e7o s\u00e3o jovens. s\u00e3o o futuro da \u00c1frica.\"<\/p>\n<\/div>\n\t\t\t\n\t\t\t\t\t\t<div class=\"elementor-testimonial-meta elementor-has-image elementor-testimonial-image-position-aside\">\n\t\t\t\t<div class=\"elementor-testimonial-meta-inner\">\n\t\t\t\t\t\t\t\t\t\t\t<div class=\"elementor-testimonial-image\">\n\t\t\t\t\t\t\t<img fetchpriority=\"high\" decoding=\"async\" width=\"802\" height=\"505\" src=\"https:\/\/www.africansrising.org\/wp-content\/uploads\/2023\/03\/Amb.-Salah-Siddig-Hammad.webp\" class=\"attachment-full size-full wp-image-26312\" alt=\"\" title=\"Amb. Salah Siddig Hammad - Africans Rising\" srcset=\"https:\/\/www.africansrising.org\/wp-content\/uploads\/2023\/03\/Amb.-Salah-Siddig-Hammad.webp 802w, https:\/\/www.africansrising.org\/wp-content\/uploads\/2023\/03\/Amb.-Salah-Siddig-Hammad-300x189.webp 300w, https:\/\/www.africansrising.org\/wp-content\/uploads\/2023\/03\/Amb.-Salah-Siddig-Hammad-768x484.webp 768w\" sizes=\"(max-width: 802px) 100vw, 802px\" \/>\t\t\t\t\t\t<\/div>\n\t\t\t\t\t\n\t\t\t\t\t\t\t\t\t\t<div class=\"elementor-testimonial-details\">\n\t\t\t\t\t\t\t\t\t\t\t\t\t\t<div class=\"elementor-testimonial-name\">Embaixador Hammad Salah<\/div>\n\t\t\t\t\t\t\t\t\t\t\t\t\t\t\t\t\t\t\t\t\t\t<div class=\"elementor-testimonial-job\">Chefe do Secretariado da AGA APSA, CUA<\/div>\n\t\t\t\t\t\t\t\t\t\t\t\t\t<\/div>\n\t\t\t\t\t\t\t\t\t<\/div>\n\t\t\t<\/div>\n\t\t\t\t\t<\/div>\n\t\t\t\t\t\t<\/div>\n\t\t\t\t<\/div>\n\t\t\t\t<div class=\"elementor-element elementor-element-5b7e779 elementor-widget elementor-widget-testimonial\" data-id=\"5b7e779\" data-element_type=\"widget\" data-e-type=\"widget\" data-widget_type=\"testimonial.default\">\n\t\t\t\t<div class=\"elementor-widget-container\">\n\t\t\t\t\t\t\t<div class=\"elementor-testimonial-wrapper\">\n\t\t\t\t\t\t\t<div class=\"elementor-testimonial-content\"><p> \"N\u00e3o podemos deixar tudo para os pol\u00edticos; os jovens africanos precisam se levantar e acabar com o ciclo vicioso intermin\u00e1vel de ass\u00e9dio e desumaniza\u00e7\u00e3o do povo africano nas fronteiras.\"<\/p>\n<\/div>\n\t\t\t\n\t\t\t\t\t\t<div class=\"elementor-testimonial-meta elementor-has-image elementor-testimonial-image-position-aside\">\n\t\t\t\t<div class=\"elementor-testimonial-meta-inner\">\n\t\t\t\t\t\t\t\t\t\t\t<div class=\"elementor-testimonial-image\">\n\t\t\t\t\t\t\t<img decoding=\"async\" width=\"2000\" height=\"2000\" src=\"https:\/\/www.africansrising.org\/wp-content\/uploads\/2023\/03\/Hon-Dzifa-Gomashie.png\" class=\"attachment-full size-full wp-image-26327\" alt=\"\" title=\"Hon Dzifa Gomashie - Africans Rising\" srcset=\"https:\/\/www.africansrising.org\/wp-content\/uploads\/2023\/03\/Hon-Dzifa-Gomashie.png 2000w, https:\/\/www.africansrising.org\/wp-content\/uploads\/2023\/03\/Hon-Dzifa-Gomashie-300x300.png 300w, https:\/\/www.africansrising.org\/wp-content\/uploads\/2023\/03\/Hon-Dzifa-Gomashie-1024x1024.png 1024w, https:\/\/www.africansrising.org\/wp-content\/uploads\/2023\/03\/Hon-Dzifa-Gomashie-150x150.png 150w, https:\/\/www.africansrising.org\/wp-content\/uploads\/2023\/03\/Hon-Dzifa-Gomashie-768x768.png 768w, https:\/\/www.africansrising.org\/wp-content\/uploads\/2023\/03\/Hon-Dzifa-Gomashie-1000x1000.png 1000w, https:\/\/www.africansrising.org\/wp-content\/uploads\/2023\/03\/Hon-Dzifa-Gomashie-600x600.png 600w, https:\/\/www.africansrising.org\/wp-content\/uploads\/2023\/03\/Hon-Dzifa-Gomashie-50x50.png 50w, https:\/\/www.africansrising.org\/wp-content\/uploads\/2023\/03\/Hon-Dzifa-Gomashie-1536x1536.png 1536w\" sizes=\"(max-width: 2000px) 100vw, 2000px\" \/>\t\t\t\t\t\t<\/div>\n\t\t\t\t\t\n\t\t\t\t\t\t\t\t\t\t<div class=\"elementor-testimonial-details\">\n\t\t\t\t\t\t\t\t\t\t\t\t\t\t<div class=\"elementor-testimonial-name\">Honor\u00e1vel Dzifa Gomashie<\/div>\n\t\t\t\t\t\t\t\t\t\t\t\t\t\t\t\t\t\t\t\t\t\t<div class=\"elementor-testimonial-job\">Membro do Parlamento de Gana<\/div>\n\t\t\t\t\t\t\t\t\t\t\t\t\t<\/div>\n\t\t\t\t\t\t\t\t\t<\/div>\n\t\t\t<\/div>\n\t\t\t\t\t<\/div>\n\t\t\t\t\t\t<\/div>\n\t\t\t\t<\/div>\n\t\t\t\t\t<\/div>\n\t\t<\/div>\n\t\t\t\t<div class=\"elementor-column elementor-col-50 elementor-top-column elementor-element elementor-element-bfde579\" data-id=\"bfde579\" data-element_type=\"column\" data-e-type=\"column\">\n\t\t\t<div class=\"elementor-widget-wrap elementor-element-populated\">\n\t\t\t\t\t\t<div class=\"elementor-element elementor-element-b983143 elementor-widget elementor-widget-testimonial\" data-id=\"b983143\" data-element_type=\"widget\" data-e-type=\"widget\" data-widget_type=\"testimonial.default\">\n\t\t\t\t<div class=\"elementor-widget-container\">\n\t\t\t\t\t\t\t<div class=\"elementor-testimonial-wrapper\">\n\t\t\t\t\t\t\t<div class=\"elementor-testimonial-content\"><p>Mem\u00f3ria trouxe o aspecto de g\u00eanero e disse que a maioria das mulheres envolvidas no com\u00e9rcio transfronteiri\u00e7o n\u00e3o s\u00e3o tratadas com dignidade. \u00c9 necess\u00e1ria a vontade pol\u00edtica dos l\u00edderes africanos para ratificar o protocolo de livre com\u00e9rcio e circula\u00e7\u00e3o, uma vez que beneficiar\u00e1 todos os pa\u00edses africanos em termos de com\u00e9rcio.<\/p>\n<\/div>\n\t\t\t\n\t\t\t\t\t\t<div class=\"elementor-testimonial-meta elementor-has-image elementor-testimonial-image-position-aside\">\n\t\t\t\t<div class=\"elementor-testimonial-meta-inner\">\n\t\t\t\t\t\t\t\t\t\t\t<div class=\"elementor-testimonial-image\">\n\t\t\t\t\t\t\t<img decoding=\"async\" width=\"336\" height=\"400\" src=\"https:\/\/www.africansrising.org\/wp-content\/uploads\/2023\/03\/Memory-Kachambwa-v1.png\" class=\"attachment-full size-full wp-image-26317\" alt=\"\" title=\"Memory Kachambwa v1 - Africans Rising\" srcset=\"https:\/\/www.africansrising.org\/wp-content\/uploads\/2023\/03\/Memory-Kachambwa-v1.png 336w, https:\/\/www.africansrising.org\/wp-content\/uploads\/2023\/03\/Memory-Kachambwa-v1-252x300.png 252w\" sizes=\"(max-width: 336px) 100vw, 336px\" \/>\t\t\t\t\t\t<\/div>\n\t\t\t\t\t\n\t\t\t\t\t\t\t\t\t\t<div class=\"elementor-testimonial-details\">\n\t\t\t\t\t\t\t\t\t\t\t\t\t\t<div class=\"elementor-testimonial-name\">Mem\u00f3ria Kachambwa<\/div>\n\t\t\t\t\t\t\t\t\t\t\t\t\t\t\t\t\t\t\t\t\t\t<div class=\"elementor-testimonial-job\">Diretor Executivo da FEMNET,<\/div>\n\t\t\t\t\t\t\t\t\t\t\t\t\t<\/div>\n\t\t\t\t\t\t\t\t\t<\/div>\n\t\t\t<\/div>\n\t\t\t\t\t<\/div>\n\t\t\t\t\t\t<\/div>\n\t\t\t\t<\/div>\n\t\t\t\t<div class=\"elementor-element elementor-element-ebd054d elementor-widget elementor-widget-testimonial\" data-id=\"ebd054d\" data-element_type=\"widget\" data-e-type=\"widget\" data-widget_type=\"testimonial.default\">\n\t\t\t\t<div class=\"elementor-widget-container\">\n\t\t\t\t\t\t\t<div class=\"elementor-testimonial-wrapper\">\n\t\t\t\t\t\t\t<div class=\"elementor-testimonial-content\"><p>Kim Poole pediu que o protocolo de livre com\u00e9rcio seja traduzido para diferentes idiomas africanos, como wolof, kiswahili, portugu\u00eas e outros idiomas, para que as pessoas possam entender o protocolo.<\/p>\n<\/div>\n\t\t\t\n\t\t\t\t\t\t<div class=\"elementor-testimonial-meta elementor-has-image elementor-testimonial-image-position-aside\">\n\t\t\t\t<div class=\"elementor-testimonial-meta-inner\">\n\t\t\t\t\t\t\t\t\t\t\t<div class=\"elementor-testimonial-image\">\n\t\t\t\t\t\t\t<img loading=\"lazy\" decoding=\"async\" width=\"1079\" height=\"976\" src=\"https:\/\/www.africansrising.org\/wp-content\/uploads\/2023\/03\/Kim-Poole.png\" class=\"attachment-full size-full wp-image-26322\" alt=\"\" title=\"Kim Poole - Africans Rising\" srcset=\"https:\/\/www.africansrising.org\/wp-content\/uploads\/2023\/03\/Kim-Poole.png 1079w, https:\/\/www.africansrising.org\/wp-content\/uploads\/2023\/03\/Kim-Poole-300x271.png 300w, https:\/\/www.africansrising.org\/wp-content\/uploads\/2023\/03\/Kim-Poole-1024x926.png 1024w, https:\/\/www.africansrising.org\/wp-content\/uploads\/2023\/03\/Kim-Poole-768x695.png 768w\" sizes=\"(max-width: 1079px) 100vw, 1079px\" \/>\t\t\t\t\t\t<\/div>\n\t\t\t\t\t\n\t\t\t\t\t\t\t\t\t\t<div class=\"elementor-testimonial-details\">\n\t\t\t\t\t\t\t\t\t\t\t\t\t\t<div class=\"elementor-testimonial-name\">Kim Poole <\/div>\n\t\t\t\t\t\t\t\t\t\t\t\t\t\t\t\t\t\t\t\t\t\t<div class=\"elementor-testimonial-job\">Aprender on-line<\/div>\n\t\t\t\t\t\t\t\t\t\t\t\t\t<\/div>\n\t\t\t\t\t\t\t\t\t<\/div>\n\t\t\t<\/div>\n\t\t\t\t\t<\/div>\n\t\t\t\t\t\t<\/div>\n\t\t\t\t<\/div>\n\t\t\t\t\t<\/div>\n\t\t<\/div>\n\t\t\t\t\t<\/div>\n\t\t<\/section>\n\t\t\t\t<section class=\"elementor-section elementor-top-section elementor-element elementor-element-bdec2e7 elementor-section-boxed elementor-section-height-default elementor-section-height-default\" data-id=\"bdec2e7\" data-element_type=\"section\" data-e-type=\"section\" data-settings=\"{&quot;background_background&quot;:&quot;classic&quot;}\">\n\t\t\t\t\t\t<div class=\"elementor-container elementor-column-gap-default\">\n\t\t\t\t\t<div class=\"elementor-column elementor-col-100 elementor-top-column elementor-element elementor-element-8f5c684\" data-id=\"8f5c684\" data-element_type=\"column\" data-e-type=\"column\">\n\t\t\t<div class=\"elementor-widget-wrap elementor-element-populated\">\n\t\t\t\t\t\t<div class=\"elementor-element elementor-element-bcac11e elementor-widget elementor-widget-testimonial\" data-id=\"bcac11e\" data-element_type=\"widget\" data-e-type=\"widget\" data-widget_type=\"testimonial.default\">\n\t\t\t\t<div class=\"elementor-widget-container\">\n\t\t\t\t\t\t\t<div class=\"elementor-testimonial-wrapper\">\n\t\t\t\t\t\t\t<div class=\"elementor-testimonial-content\"><p> coordenador do movimento Africans Rising, disse que uma \u00c1frica sem fronteiras ajudar\u00e1 os cidad\u00e3os a se unirem para enfrentar os problemas, em vez de lidar com eles isoladamente. Acrescentando que a ideia de unidade de prop\u00f3sito n\u00e3o \u00e9 um conceito novo, mas um conceito antigo sob a UA que o Africans Rising est\u00e1 apoiando para levar a agenda ao povo.<\/p>\n<\/div>\n\t\t\t\n\t\t\t\t\t\t<div class=\"elementor-testimonial-meta elementor-has-image elementor-testimonial-image-position-aside\">\n\t\t\t\t<div class=\"elementor-testimonial-meta-inner\">\n\t\t\t\t\t\t\t\t\t\t\t<div class=\"elementor-testimonial-image\">\n\t\t\t\t\t\t\t<img loading=\"lazy\" decoding=\"async\" width=\"1024\" height=\"768\" src=\"https:\/\/www.africansrising.org\/wp-content\/uploads\/2023\/03\/unnamed.jpg\" class=\"attachment-full size-full wp-image-24381\" alt=\"\" title=\"unnamed - Africans Rising\" srcset=\"https:\/\/www.africansrising.org\/wp-content\/uploads\/2023\/03\/unnamed.jpg 1024w, https:\/\/www.africansrising.org\/wp-content\/uploads\/2023\/03\/unnamed-300x225.jpg 300w, https:\/\/www.africansrising.org\/wp-content\/uploads\/2023\/03\/unnamed-768x576.jpg 768w, https:\/\/www.africansrising.org\/wp-content\/uploads\/2023\/03\/unnamed-500x375.jpg 500w, https:\/\/www.africansrising.org\/wp-content\/uploads\/2023\/03\/unnamed-750x563.jpg 750w\" sizes=\"(max-width: 1024px) 100vw, 1024px\" \/>\t\t\t\t\t\t<\/div>\n\t\t\t\t\t\n\t\t\t\t\t\t\t\t\t\t<div class=\"elementor-testimonial-details\">\n\t\t\t\t\t\t\t\t\t\t\t\t\t\t<div class=\"elementor-testimonial-name\">Hardi Yakubu,<\/div>\n\t\t\t\t\t\t\t\t\t\t\t\t\t\t\t\t\t\t\t\t\t\t<div class=\"elementor-testimonial-job\">Coordenadora do Movimento Africans Rising<\/div>\n\t\t\t\t\t\t\t\t\t\t\t\t\t<\/div>\n\t\t\t\t\t\t\t\t\t<\/div>\n\t\t\t<\/div>\n\t\t\t\t\t<\/div>\n\t\t\t\t\t\t<\/div>\n\t\t\t\t<\/div>\n\t\t\t\t\t<\/div>\n\t\t<\/div>\n\t\t\t\t\t<\/div>\n\t\t<\/section>\n\t\t\t\t<section class=\"elementor-section elementor-top-section elementor-element elementor-element-9884dc3 elementor-section-boxed elementor-section-height-default elementor-section-height-default\" data-id=\"9884dc3\" data-element_type=\"section\" data-e-type=\"section\" data-settings=\"{&quot;background_background&quot;:&quot;classic&quot;}\">\n\t\t\t\t\t\t<div class=\"elementor-container elementor-column-gap-default\">\n\t\t\t\t\t<div class=\"elementor-column elementor-col-100 elementor-top-column elementor-element elementor-element-fef67ad\" data-id=\"fef67ad\" data-element_type=\"column\" data-e-type=\"column\">\n\t\t\t<div class=\"elementor-widget-wrap elementor-element-populated\">\n\t\t\t\t\t\t<div class=\"elementor-element elementor-element-ed751eb elementor-widget elementor-widget-text-editor\" data-id=\"ed751eb\" data-element_type=\"widget\" data-e-type=\"widget\" data-widget_type=\"text-editor.default\">\n\t\t\t\t<div class=\"elementor-widget-container\">\n\t\t\t\t\t\t\t\t\t<h4>A peti\u00e7\u00e3o, agora aberta para assinaturas, concentra-se em tr\u00eas demandas principais:<\/h4>\n<ul>\n<li style=\"font-weight: 400;\" aria-level=\"1\"><span style=\"font-weight: 400;\">Reconhecer e elogiar os quatro estados africanos que assinaram, ratificaram e depositaram o protocolo da UA sobre a livre circula\u00e7\u00e3o. Estes s\u00e3o <\/span><i><span style=\"font-weight: 400;\">Mali, Niger, Rwanda <\/span><\/i><span style=\"font-weight: 400;\">e<\/span><i><span style=\"font-weight: 400;\"> Sao Tome and Principe<\/span><\/i><span style=\"font-weight: 400;\"><span style=\"font-weight: 400;\">.<\/span><\/span>\n<\/li>\n<li style=\"font-weight: 400;\" aria-level=\"1\"><span style=\"font-weight: 400;\">Incentivar os Estados africanos que assinaram o protocolo, mas ainda n\u00e3o o ratificaram, a faz\u00ea-lo com urg\u00eancia. Estes s\u00e3o <\/span><i><span style=\"font-weight: 400;\">Angola, Burkina Faso, Central African Republic, Chad, C\u00f4te d&#8217;ivoire, Comoros, Congo, Djibouti, Democratic Republic of Congo, Equatorial Guinea, Gabon, The Gambia, Ghana, Guinea, Kenya, Lesotho,Liberia, Malawi, Mozambique, Senegal, Sierra Leone, Somalia, South Sudan, Sudan, Tanzania, Togo, Uganda <\/span><\/i><span style=\"font-weight: 400;\">e<\/span><i><span style=\"font-weight: 400;\"> Zimbabwe<\/span><\/i><span style=\"font-weight: 400;\"><span style=\"font-weight: 400;\">.<\/span><\/span>\n<\/li>\n<li style=\"font-weight: 400;\" aria-level=\"1\"><span style=\"font-weight: 400;\">A peti\u00e7\u00e3o tamb\u00e9m insta a lideran\u00e7a dos Estados africanos que n\u00e3o assinaram o protocolo da UA a acelerar o processo e tomar as medidas necess\u00e1rias para efetivar a livre circula\u00e7\u00e3o de nosso povo. Esses incluem <\/span><i><span style=\"font-weight: 400;\">Algeria, Benin, Botswana, Burundi, Cameroon, Cape Verde, Egypt, Eritrea, Ethiopia, Guinea Bissau, Libya, Morocco, Mauritania, Mauritius, Namibia, Nigeria, South Africa, Eswatini, Sahrawi Arab Democratic Republic, Seychelles, Tunisia <\/span><\/i><span style=\"font-weight: 400;\">e<\/span><i><span style=\"font-weight: 400;\"> Zambia. <\/span><\/i> <\/li>\n<\/ul>\n\t\t\t\t\t\t\t\t<\/div>\n\t\t\t\t<\/div>\n\t\t\t\t\t<\/div>\n\t\t<\/div>\n\t\t\t\t\t<\/div>\n\t\t<\/section>\n\t\t<div class=\"elementor-element elementor-element-32b6556 e-flex e-con-boxed e-con e-parent\" data-id=\"32b6556\" data-element_type=\"container\" data-e-type=\"container\">\n\t\t\t\t\t<div class=\"e-con-inner\">\n\t\t<div class=\"elementor-element elementor-element-89a0e40 e-con-full e-flex e-con e-child\" data-id=\"89a0e40\" data-element_type=\"container\" data-e-type=\"container\">\n\t\t\t\t<div class=\"elementor-element elementor-element-2eb295d elementor-cta--skin-classic elementor-animated-content elementor-bg-transform elementor-bg-transform-zoom-in elementor-widget elementor-widget-call-to-action\" data-id=\"2eb295d\" data-element_type=\"widget\" data-e-type=\"widget\" data-widget_type=\"call-to-action.default\">\n\t\t\t\t<div class=\"elementor-widget-container\">\n\t\t\t\t\t\t\t<a class=\"elementor-cta\" href=\"https:\/\/actionnetwork.org\/petitions\/peoples-petition-for-borderlessafrica-call-on-african-governments-to-ensure-free-movement-of-african-people-across-africa\" target=\"_blank\">\n\t\t\t\t\t<div class=\"elementor-cta__bg-wrapper\">\n\t\t\t\t<div class=\"elementor-cta__bg elementor-bg\" style=\"background-image: url(https:\/\/www.africansrising.org\/wp-content\/uploads\/2023\/03\/3d-illustration-rubber-stamp-paper-background-with-word-petition-1024x634.jpg);\" role=\"img\" aria-label=\"3D illustration of rubber stamp over paper background with the word petition\"><\/div>\n\t\t\t\t<div class=\"elementor-cta__bg-overlay\"><\/div>\n\t\t\t<\/div>\n\t\t\t\t\t\t\t<div class=\"elementor-cta__content\">\n\t\t\t\t\n\t\t\t\t\t\t\t\t\t<h2 class=\"elementor-cta__title elementor-cta__content-item elementor-content-item\">\n\t\t\t\t\t\tAssine a peti\u00e7\u00e3o\t\t\t\t\t<\/h2>\n\t\t\t\t\n\t\t\t\t\t\t\t\t\t<div class=\"elementor-cta__description elementor-cta__content-item elementor-content-item\">\n\t\t\t\t\t\t<p>Peti\u00e7\u00e3o do povo para #BorderlessAfrica: Apelo aos governos africanos para garantir a livre circula\u00e7\u00e3o dos africanos em toda a \u00c1frica<\/p>\n\t\t\t\t\t<\/div>\n\t\t\t\t\n\t\t\t\t\t\t\t\t\t<div class=\"elementor-cta__button-wrapper elementor-cta__content-item elementor-content-item \">\n\t\t\t\t\t<span class=\"elementor-cta__button elementor-button elementor-size-\">\n\t\t\t\t\t\tAssine aqui\t\t\t\t\t<\/span>\n\t\t\t\t\t<\/div>\n\t\t\t\t\t\t\t<\/div>\n\t\t\t\t\t\t<\/a>\n\t\t\t\t\t\t<\/div>\n\t\t\t\t<\/div>\n\t\t\t\t<\/div>\n\t\t<div class=\"elementor-element elementor-element-58cf59c e-con-full e-flex e-con e-child\" data-id=\"58cf59c\" data-element_type=\"container\" data-e-type=\"container\">\n\t\t\t\t<div class=\"elementor-element elementor-element-c2a4fc5 elementor-cta--skin-classic elementor-animated-content elementor-bg-transform elementor-bg-transform-zoom-in elementor-widget elementor-widget-call-to-action\" data-id=\"c2a4fc5\" data-element_type=\"widget\" data-e-type=\"widget\" data-widget_type=\"call-to-action.default\">\n\t\t\t\t<div class=\"elementor-widget-container\">\n\t\t\t\t\t\t\t<a class=\"elementor-cta\" href=\"https:\/\/www.facebook.com\/100064517958927\/videos\/3440223569581722\" target=\"_blank\">\n\t\t\t\t\t<div class=\"elementor-cta__bg-wrapper\">\n\t\t\t\t<div class=\"elementor-cta__bg elementor-bg\" style=\"background-image: url(https:\/\/www.africansrising.org\/wp-content\/uploads\/2023\/03\/3d-render-facebook-live-icon-1024x576.jpg);\" role=\"img\" aria-label=\"3d render of facebook live icon\"><\/div>\n\t\t\t\t<div class=\"elementor-cta__bg-overlay\"><\/div>\n\t\t\t<\/div>\n\t\t\t\t\t\t\t<div class=\"elementor-cta__content\">\n\t\t\t\t\n\t\t\t\t\t\t\t\t\t<h2 class=\"elementor-cta__title elementor-cta__content-item elementor-content-item\">\n\t\t\t\t\t\tAssistir ao Webin\u00e1rio\t\t\t\t\t<\/h2>\n\t\t\t\t\n\t\t\t\t\t\t\t\t\t<div class=\"elementor-cta__description elementor-cta__content-item elementor-content-item\">\n\t\t\t\t\t\t<p>#AfricansRising organizou um evento para lan\u00e7ar a peti\u00e7\u00e3o do nosso povo para coletar assinaturas de africanos de todo o mundo que acreditam em uma #BorderlessAfrica<\/p>\n\t\t\t\t\t<\/div>\n\t\t\t\t\n\t\t\t\t\t\t\t\t\t<div class=\"elementor-cta__button-wrapper elementor-cta__content-item elementor-content-item \">\n\t\t\t\t\t<span class=\"elementor-cta__button elementor-button elementor-size-\">\n\t\t\t\t\t\tAssista aqui\t\t\t\t\t<\/span>\n\t\t\t\t\t<\/div>\n\t\t\t\t\t\t\t<\/div>\n\t\t\t\t\t\t<\/a>\n\t\t\t\t\t\t<\/div>\n\t\t\t\t<\/div>\n\t\t\t\t<\/div>\n\t\t\t\t\t<\/div>\n\t\t\t\t<\/div>\n\t\t\t\t<\/div>\n\t\t","protected":false},"excerpt":{"rendered":"<p>Jovens africanos desafiados a lutar por uma \u00c1frica unida A peti\u00e7\u00e3o do povo para a Campanha da \u00c1frica Sem Fronteiras j\u00e1 est\u00e1 ativa e aceitando assinaturas. Com o objetivo de obter o apoio de 20 milh\u00f5es de africanos, a peti\u00e7\u00e3o&#8230;<\/p>\n","protected":false},"author":6,"featured_media":26309,"comment_status":"closed","ping_status":"closed","sticky":false,"template":"","format":"standard","meta":{"_eb_attr":"","om_disable_all_campaigns":false,"_kad_blocks_custom_css":"","_kad_blocks_head_custom_js":"","_kad_blocks_body_custom_js":"","_kad_blocks_footer_custom_js":"","_monsterinsights_skip_tracking":false,"_monsterinsights_sitenote_active":false,"_monsterinsights_sitenote_note":"","_monsterinsights_sitenote_category":0,"_price":"","_stock":"","_tribe_ticket_header":"","_tribe_default_ticket_provider":"","_tribe_ticket_capacity":"0","_ticket_start_date":"","_ticket_end_date":"","_tribe_ticket_show_description":"","_tribe_ticket_show_not_going":false,"_tribe_ticket_use_global_stock":"","_tribe_ticket_global_stock_level":"","_global_stock_mode":"","_global_stock_cap":"","_tribe_rsvp_for_event":"","_tribe_ticket_going_count":"","_tribe_ticket_not_going_count":"","_tribe_tickets_list":"[]","_tribe_ticket_has_attendee_info_fields":false,"_EventAllDay":false,"_EventTimezone":"","_EventStartDate":"","_EventEndDate":"","_EventStartDateUTC":"","_EventEndDateUTC":"","_EventShowMap":false,"_EventShowMapLink":false,"_EventURL":"","_EventCost":"","_EventCostDescription":"","_EventCurrencySymbol":"","_EventCurrencyCode":"","_EventCurrencyPosition":"","_EventDateTimeSeparator":"","_EventTimeRangeSeparator":"","_EventOrganizerID":[],"_EventVenueID":[],"_OrganizerEmail":"","_OrganizerPhone":"","_OrganizerWebsite":"","_VenueAddress":"","_VenueCity":"","_VenueCountry":"","_VenueProvince":"","_VenueState":"","_VenueZip":"","_VenuePhone":"","_VenueURL":"","_VenueStateProvince":"","_VenueLat":"","_VenueLng":"","_VenueShowMap":false,"_VenueShowMapLink":false,"_kadence_starter_templates_imported_post":false,"_kad_post_transparent":"","_kad_post_title":"","_kad_post_layout":"","_kad_post_sidebar_id":"","_kad_post_content_style":"","_kad_post_vertical_padding":"","_kad_post_feature":"","_kad_post_feature_position":"","_kad_post_header":false,"_kad_post_footer":false,"_kad_post_classname":"","footnotes":"","_tec_slr_enabled":"","_tec_slr_layout":""},"categories":[867],"tags":[],"class_list":["post-28191","post","type-post","status-publish","format-standard","has-post-thumbnail","hentry","category-relatorios"],"aioseo_notices":[],"taxonomy_info":{"category":[{"value":867,"label":"Relat\u00f3rios"}]},"featured_image_src_large":["https:\/\/www.africansrising.org\/wp-content\/uploads\/2023\/03\/airday1-1024x683.jpg",1024,683,true],"author_info":{"display_name":"Africans Rising","author_link":"https:\/\/www.africansrising.org\/pt-pt\/author\/mauricesam\/"},"comment_info":0,"category_info":[{"term_id":867,"name":"Relat\u00f3rios","slug":"relatorios","term_group":0,"term_taxonomy_id":867,"taxonomy":"category","description":"","parent":0,"count":1,"filter":"raw","cat_ID":867,"category_count":1,"category_description":"","cat_name":"Relat\u00f3rios","category_nicename":"relatorios","category_parent":0}],"tag_info":false,"aioseo_head":"\n\t\t<!-- All in One SEO Pro 4.9.6.2 - aioseo.com -->\n\t<meta name=\"description\" content=\"Jovens africanos desafiados a lutar por uma \u00c1frica unida A peti\u00e7\u00e3o do povo para a Campanha da \u00c1frica Sem Fronteiras j\u00e1 est\u00e1 ativa e aceitando assinaturas. Com o objetivo de obter o apoio de 20 milh\u00f5es de africanos, a peti\u00e7\u00e3o foi lan\u00e7ada durante uma reuni\u00e3o virtual de alto n\u00edvel em 20 de fevereiro de 2023,\" \/>\n\t<meta name=\"robots\" content=\"max-image-preview:large\" \/>\n\t<meta name=\"author\" content=\"Africans Rising\"\/>\n\t<link rel=\"canonical\" href=\"https:\/\/www.africansrising.org\/pt-pt\/jovens-africanos-desafiados-a-lutar-por-uma-africa-unida\/\" \/>\n\t<meta name=\"generator\" content=\"All in One SEO Pro (AIOSEO) 4.9.6.2\" \/>\n\t\t<meta property=\"og:locale\" content=\"pt_PT\" \/>\n\t\t<meta property=\"og:site_name\" content=\"Africans Rising - For Unity, Justice, Peace &amp; Dignity\" \/>\n\t\t<meta property=\"og:type\" content=\"article\" \/>\n\t\t<meta property=\"og:title\" content=\"Jovens africanos desafiados a lutar por uma \u00c1frica unida - Africans Rising\" \/>\n\t\t<meta property=\"og:description\" content=\"Jovens africanos desafiados a lutar por uma \u00c1frica unida A peti\u00e7\u00e3o do povo para a Campanha da \u00c1frica Sem Fronteiras j\u00e1 est\u00e1 ativa e aceitando assinaturas. Com o objetivo de obter o apoio de 20 milh\u00f5es de africanos, a peti\u00e7\u00e3o foi lan\u00e7ada durante uma reuni\u00e3o virtual de alto n\u00edvel em 20 de fevereiro de 2023,\" \/>\n\t\t<meta property=\"og:url\" content=\"https:\/\/www.africansrising.org\/pt-pt\/jovens-africanos-desafiados-a-lutar-por-uma-africa-unida\/\" \/>\n\t\t<meta property=\"og:image\" content=\"https:\/\/www.africansrising.org\/wp-content\/uploads\/2025\/05\/slide1.png\" \/>\n\t\t<meta property=\"og:image:secure_url\" content=\"https:\/\/www.africansrising.org\/wp-content\/uploads\/2025\/05\/slide1.png\" \/>\n\t\t<meta property=\"og:image:width\" content=\"1472\" \/>\n\t\t<meta property=\"og:image:height\" content=\"800\" \/>\n\t\t<meta property=\"article:tag\" content=\"relat\u00f3rios\" \/>\n\t\t<meta property=\"article:published_time\" content=\"2023-03-03T08:37:47+00:00\" \/>\n\t\t<meta property=\"article:modified_time\" content=\"2023-04-27T15:08:38+00:00\" \/>\n\t\t<meta property=\"article:publisher\" content=\"https:\/\/www.facebook.com\/AfricansRising\" \/>\n\t\t<meta name=\"twitter:card\" content=\"summary_large_image\" \/>\n\t\t<meta name=\"twitter:site\" content=\"@AfricansRising\" \/>\n\t\t<meta name=\"twitter:title\" content=\"Jovens africanos desafiados a lutar por uma \u00c1frica unida - Africans Rising\" \/>\n\t\t<meta name=\"twitter:description\" content=\"Jovens africanos desafiados a lutar por uma \u00c1frica unida A peti\u00e7\u00e3o do povo para a Campanha da \u00c1frica Sem Fronteiras j\u00e1 est\u00e1 ativa e aceitando assinaturas. Com o objetivo de obter o apoio de 20 milh\u00f5es de africanos, a peti\u00e7\u00e3o foi lan\u00e7ada durante uma reuni\u00e3o virtual de alto n\u00edvel em 20 de fevereiro de 2023,\" \/>\n\t\t<meta name=\"twitter:creator\" content=\"@AfricansRising\" \/>\n\t\t<meta name=\"twitter:image\" content=\"https:\/\/www.africansrising.org\/wp-content\/uploads\/2025\/05\/slide1.png\" \/>\n\t\t<script type=\"application\/ld+json\" class=\"aioseo-schema\">\n\t\t\t{\"@context\":\"https:\\\/\\\/schema.org\",\"@graph\":[{\"@type\":\"BlogPosting\",\"@id\":\"https:\\\/\\\/www.africansrising.org\\\/pt-pt\\\/jovens-africanos-desafiados-a-lutar-por-uma-africa-unida\\\/#blogposting\",\"name\":\"Jovens africanos desafiados a lutar por uma \\u00c1frica unida - Africans Rising\",\"headline\":\"Jovens africanos desafiados a lutar por uma \\u00c1frica unida\",\"author\":{\"@id\":\"https:\\\/\\\/www.africansrising.org\\\/pt-pt\\\/author\\\/mauricesam\\\/#author\"},\"publisher\":{\"@id\":\"https:\\\/\\\/www.africansrising.org\\\/pt-pt\\\/#organization\"},\"image\":{\"@type\":\"ImageObject\",\"url\":\"https:\\\/\\\/www.africansrising.org\\\/wp-content\\\/uploads\\\/2023\\\/03\\\/airday1-scaled.jpg\",\"width\":2560,\"height\":1707},\"datePublished\":\"2023-03-03T08:37:47+00:00\",\"dateModified\":\"2023-04-27T15:08:38+00:00\",\"inLanguage\":\"pt-PT\",\"mainEntityOfPage\":{\"@id\":\"https:\\\/\\\/www.africansrising.org\\\/pt-pt\\\/jovens-africanos-desafiados-a-lutar-por-uma-africa-unida\\\/#webpage\"},\"isPartOf\":{\"@id\":\"https:\\\/\\\/www.africansrising.org\\\/pt-pt\\\/jovens-africanos-desafiados-a-lutar-por-uma-africa-unida\\\/#webpage\"},\"articleSection\":\"Relat\\u00f3rios, Opcional\"},{\"@type\":\"BreadcrumbList\",\"@id\":\"https:\\\/\\\/www.africansrising.org\\\/pt-pt\\\/jovens-africanos-desafiados-a-lutar-por-uma-africa-unida\\\/#breadcrumblist\",\"itemListElement\":[{\"@type\":\"ListItem\",\"@id\":\"https:\\\/\\\/www.africansrising.org\\\/pt-pt\\\/#listItem\",\"position\":1,\"name\":\"Home\",\"item\":\"https:\\\/\\\/www.africansrising.org\\\/pt-pt\\\/\",\"nextItem\":{\"@type\":\"ListItem\",\"@id\":\"https:\\\/\\\/www.africansrising.org\\\/pt-pt\\\/categoria\\\/relatorios\\\/#listItem\",\"name\":\"Relat\\u00f3rios\"}},{\"@type\":\"ListItem\",\"@id\":\"https:\\\/\\\/www.africansrising.org\\\/pt-pt\\\/categoria\\\/relatorios\\\/#listItem\",\"position\":2,\"name\":\"Relat\\u00f3rios\",\"item\":\"https:\\\/\\\/www.africansrising.org\\\/pt-pt\\\/categoria\\\/relatorios\\\/\",\"nextItem\":{\"@type\":\"ListItem\",\"@id\":\"https:\\\/\\\/www.africansrising.org\\\/pt-pt\\\/jovens-africanos-desafiados-a-lutar-por-uma-africa-unida\\\/#listItem\",\"name\":\"Jovens africanos desafiados a lutar por uma \\u00c1frica unida\"},\"previousItem\":{\"@type\":\"ListItem\",\"@id\":\"https:\\\/\\\/www.africansrising.org\\\/pt-pt\\\/#listItem\",\"name\":\"Home\"}},{\"@type\":\"ListItem\",\"@id\":\"https:\\\/\\\/www.africansrising.org\\\/pt-pt\\\/jovens-africanos-desafiados-a-lutar-por-uma-africa-unida\\\/#listItem\",\"position\":3,\"name\":\"Jovens africanos desafiados a lutar por uma \\u00c1frica unida\",\"previousItem\":{\"@type\":\"ListItem\",\"@id\":\"https:\\\/\\\/www.africansrising.org\\\/pt-pt\\\/categoria\\\/relatorios\\\/#listItem\",\"name\":\"Relat\\u00f3rios\"}}]},{\"@type\":\"Organization\",\"@id\":\"https:\\\/\\\/www.africansrising.org\\\/pt-pt\\\/#organization\",\"name\":\"Africans Rising for Unity, Justice, Peace and Dignity\",\"description\":\"Africans Rising is the result of a bottom-up series of on and offline consultations and dialogues between and amongst social movements, NGOs, peoples and popular social justice movements, intellectuals, artists, athletes, cultural activists, religious organisations, trade unions and others, across the AU determined regions of the continent, including the diaspora. The Africans Rising movement was formally launched in May 2017 with an understanding that African civil society needed to develop a new, collaborative and effective way to work for change.\",\"url\":\"https:\\\/\\\/www.africansrising.org\\\/pt-pt\\\/\",\"email\":\"info@africans-rising.org\",\"telephone\":\"+221771038289\",\"foundingDate\":\"2017-05-25\",\"logo\":{\"@type\":\"ImageObject\",\"url\":\"https:\\\/\\\/www.africansrising.org\\\/wp-content\\\/uploads\\\/2023\\\/01\\\/AR-New-logo-transparent-01.png\",\"@id\":\"https:\\\/\\\/www.africansrising.org\\\/pt-pt\\\/jovens-africanos-desafiados-a-lutar-por-uma-africa-unida\\\/#organizationLogo\",\"width\":1667,\"height\":417},\"image\":{\"@id\":\"https:\\\/\\\/www.africansrising.org\\\/pt-pt\\\/jovens-africanos-desafiados-a-lutar-por-uma-africa-unida\\\/#organizationLogo\"},\"sameAs\":[\"https:\\\/\\\/www.facebook.com\\\/AfricansRising\",\"https:\\\/\\\/twitter.com\\\/AfricansRising\",\"https:\\\/\\\/www.instagram.com\\\/africans_rising\\\/\",\"https:\\\/\\\/www.tiktok.com\\\/@africansrising\",\"https:\\\/\\\/studio.youtube.com\\\/channel\\\/UCW7FXlPUXVCiiCWaTsPjSNA?c=UCW7FXlPUXVCiiCWaTsPjSNA\",\"https:\\\/\\\/www.linkedin.com\\\/in\\\/africans-rising-06091322a\\\/\",\"https:\\\/\\\/soundcloud.com\\\/africans_rising\"]},{\"@type\":\"Person\",\"@id\":\"https:\\\/\\\/www.africansrising.org\\\/pt-pt\\\/author\\\/mauricesam\\\/#author\",\"url\":\"https:\\\/\\\/www.africansrising.org\\\/pt-pt\\\/author\\\/mauricesam\\\/\",\"name\":\"Africans Rising\",\"image\":{\"@type\":\"ImageObject\",\"url\":\"https:\\\/\\\/secure.gravatar.com\\\/avatar\\\/a9a096d6055d87fb6702c05aef75e04b8a7e49174b972e984e6da946320a9338?s=96&d=blank&r=g\"}},{\"@type\":\"WebPage\",\"@id\":\"https:\\\/\\\/www.africansrising.org\\\/pt-pt\\\/jovens-africanos-desafiados-a-lutar-por-uma-africa-unida\\\/#webpage\",\"url\":\"https:\\\/\\\/www.africansrising.org\\\/pt-pt\\\/jovens-africanos-desafiados-a-lutar-por-uma-africa-unida\\\/\",\"name\":\"Jovens africanos desafiados a lutar por uma \\u00c1frica unida - Africans Rising\",\"description\":\"Jovens africanos desafiados a lutar por uma \\u00c1frica unida A peti\\u00e7\\u00e3o do povo para a Campanha da \\u00c1frica Sem Fronteiras j\\u00e1 est\\u00e1 ativa e aceitando assinaturas. Com o objetivo de obter o apoio de 20 milh\\u00f5es de africanos, a peti\\u00e7\\u00e3o foi lan\\u00e7ada durante uma reuni\\u00e3o virtual de alto n\\u00edvel em 20 de fevereiro de 2023,\",\"inLanguage\":\"pt-PT\",\"isPartOf\":{\"@id\":\"https:\\\/\\\/www.africansrising.org\\\/pt-pt\\\/#website\"},\"breadcrumb\":{\"@id\":\"https:\\\/\\\/www.africansrising.org\\\/pt-pt\\\/jovens-africanos-desafiados-a-lutar-por-uma-africa-unida\\\/#breadcrumblist\"},\"author\":{\"@id\":\"https:\\\/\\\/www.africansrising.org\\\/pt-pt\\\/author\\\/mauricesam\\\/#author\"},\"creator\":{\"@id\":\"https:\\\/\\\/www.africansrising.org\\\/pt-pt\\\/author\\\/mauricesam\\\/#author\"},\"image\":{\"@type\":\"ImageObject\",\"url\":\"https:\\\/\\\/www.africansrising.org\\\/wp-content\\\/uploads\\\/2023\\\/03\\\/airday1-scaled.jpg\",\"@id\":\"https:\\\/\\\/www.africansrising.org\\\/pt-pt\\\/jovens-africanos-desafiados-a-lutar-por-uma-africa-unida\\\/#mainImage\",\"width\":2560,\"height\":1707},\"primaryImageOfPage\":{\"@id\":\"https:\\\/\\\/www.africansrising.org\\\/pt-pt\\\/jovens-africanos-desafiados-a-lutar-por-uma-africa-unida\\\/#mainImage\"},\"datePublished\":\"2023-03-03T08:37:47+00:00\",\"dateModified\":\"2023-04-27T15:08:38+00:00\"},{\"@type\":\"WebSite\",\"@id\":\"https:\\\/\\\/www.africansrising.org\\\/pt-pt\\\/#website\",\"url\":\"https:\\\/\\\/www.africansrising.org\\\/pt-pt\\\/\",\"name\":\"Africans Rising\",\"description\":\"For Unity, Justice, Peace & Dignity\",\"inLanguage\":\"pt-PT\",\"publisher\":{\"@id\":\"https:\\\/\\\/www.africansrising.org\\\/pt-pt\\\/#organization\"}}]}\n\t\t<\/script>\n\t\t<!-- All in One SEO Pro -->\r\n\t\t<title>Jovens africanos desafiados a lutar por uma \u00c1frica unida - Africans Rising<\/title>\n\n","aioseo_head_json":{"title":"Jovens africanos desafiados a lutar por uma \u00c1frica unida - Africans Rising","description":"Jovens africanos desafiados a lutar por uma \u00c1frica unida A peti\u00e7\u00e3o do povo para a Campanha da \u00c1frica Sem Fronteiras j\u00e1 est\u00e1 ativa e aceitando assinaturas. Com o objetivo de obter o apoio de 20 milh\u00f5es de africanos, a peti\u00e7\u00e3o foi lan\u00e7ada durante uma reuni\u00e3o virtual de alto n\u00edvel em 20 de fevereiro de 2023,","canonical_url":"https:\/\/www.africansrising.org\/pt-pt\/jovens-africanos-desafiados-a-lutar-por-uma-africa-unida\/","robots":"max-image-preview:large","keywords":"","webmasterTools":{"miscellaneous":""},"schema":{"@context":"https:\/\/schema.org","@graph":[{"@type":"BlogPosting","@id":"https:\/\/www.africansrising.org\/pt-pt\/jovens-africanos-desafiados-a-lutar-por-uma-africa-unida\/#blogposting","name":"Jovens africanos desafiados a lutar por uma \u00c1frica unida - Africans Rising","headline":"Jovens africanos desafiados a lutar por uma \u00c1frica unida","author":{"@id":"https:\/\/www.africansrising.org\/pt-pt\/author\/mauricesam\/#author"},"publisher":{"@id":"https:\/\/www.africansrising.org\/pt-pt\/#organization"},"image":{"@type":"ImageObject","url":"https:\/\/www.africansrising.org\/wp-content\/uploads\/2023\/03\/airday1-scaled.jpg","width":2560,"height":1707},"datePublished":"2023-03-03T08:37:47+00:00","dateModified":"2023-04-27T15:08:38+00:00","inLanguage":"pt-PT","mainEntityOfPage":{"@id":"https:\/\/www.africansrising.org\/pt-pt\/jovens-africanos-desafiados-a-lutar-por-uma-africa-unida\/#webpage"},"isPartOf":{"@id":"https:\/\/www.africansrising.org\/pt-pt\/jovens-africanos-desafiados-a-lutar-por-uma-africa-unida\/#webpage"},"articleSection":"Relat\u00f3rios, Opcional"},{"@type":"BreadcrumbList","@id":"https:\/\/www.africansrising.org\/pt-pt\/jovens-africanos-desafiados-a-lutar-por-uma-africa-unida\/#breadcrumblist","itemListElement":[{"@type":"ListItem","@id":"https:\/\/www.africansrising.org\/pt-pt\/#listItem","position":1,"name":"Home","item":"https:\/\/www.africansrising.org\/pt-pt\/","nextItem":{"@type":"ListItem","@id":"https:\/\/www.africansrising.org\/pt-pt\/categoria\/relatorios\/#listItem","name":"Relat\u00f3rios"}},{"@type":"ListItem","@id":"https:\/\/www.africansrising.org\/pt-pt\/categoria\/relatorios\/#listItem","position":2,"name":"Relat\u00f3rios","item":"https:\/\/www.africansrising.org\/pt-pt\/categoria\/relatorios\/","nextItem":{"@type":"ListItem","@id":"https:\/\/www.africansrising.org\/pt-pt\/jovens-africanos-desafiados-a-lutar-por-uma-africa-unida\/#listItem","name":"Jovens africanos desafiados a lutar por uma \u00c1frica unida"},"previousItem":{"@type":"ListItem","@id":"https:\/\/www.africansrising.org\/pt-pt\/#listItem","name":"Home"}},{"@type":"ListItem","@id":"https:\/\/www.africansrising.org\/pt-pt\/jovens-africanos-desafiados-a-lutar-por-uma-africa-unida\/#listItem","position":3,"name":"Jovens africanos desafiados a lutar por uma \u00c1frica unida","previousItem":{"@type":"ListItem","@id":"https:\/\/www.africansrising.org\/pt-pt\/categoria\/relatorios\/#listItem","name":"Relat\u00f3rios"}}]},{"@type":"Organization","@id":"https:\/\/www.africansrising.org\/pt-pt\/#organization","name":"Africans Rising for Unity, Justice, Peace and Dignity","description":"Africans Rising is the result of a bottom-up series of on and offline consultations and dialogues between and amongst social movements, NGOs, peoples and popular social justice movements, intellectuals, artists, athletes, cultural activists, religious organisations, trade unions and others, across the AU determined regions of the continent, including the diaspora. The Africans Rising movement was formally launched in May 2017 with an understanding that African civil society needed to develop a new, collaborative and effective way to work for change.","url":"https:\/\/www.africansrising.org\/pt-pt\/","email":"info@africans-rising.org","telephone":"+221771038289","foundingDate":"2017-05-25","logo":{"@type":"ImageObject","url":"https:\/\/www.africansrising.org\/wp-content\/uploads\/2023\/01\/AR-New-logo-transparent-01.png","@id":"https:\/\/www.africansrising.org\/pt-pt\/jovens-africanos-desafiados-a-lutar-por-uma-africa-unida\/#organizationLogo","width":1667,"height":417},"image":{"@id":"https:\/\/www.africansrising.org\/pt-pt\/jovens-africanos-desafiados-a-lutar-por-uma-africa-unida\/#organizationLogo"},"sameAs":["https:\/\/www.facebook.com\/AfricansRising","https:\/\/twitter.com\/AfricansRising","https:\/\/www.instagram.com\/africans_rising\/","https:\/\/www.tiktok.com\/@africansrising","https:\/\/studio.youtube.com\/channel\/UCW7FXlPUXVCiiCWaTsPjSNA?c=UCW7FXlPUXVCiiCWaTsPjSNA","https:\/\/www.linkedin.com\/in\/africans-rising-06091322a\/","https:\/\/soundcloud.com\/africans_rising"]},{"@type":"Person","@id":"https:\/\/www.africansrising.org\/pt-pt\/author\/mauricesam\/#author","url":"https:\/\/www.africansrising.org\/pt-pt\/author\/mauricesam\/","name":"Africans Rising","image":{"@type":"ImageObject","url":"https:\/\/secure.gravatar.com\/avatar\/a9a096d6055d87fb6702c05aef75e04b8a7e49174b972e984e6da946320a9338?s=96&d=blank&r=g"}},{"@type":"WebPage","@id":"https:\/\/www.africansrising.org\/pt-pt\/jovens-africanos-desafiados-a-lutar-por-uma-africa-unida\/#webpage","url":"https:\/\/www.africansrising.org\/pt-pt\/jovens-africanos-desafiados-a-lutar-por-uma-africa-unida\/","name":"Jovens africanos desafiados a lutar por uma \u00c1frica unida - Africans Rising","description":"Jovens africanos desafiados a lutar por uma \u00c1frica unida A peti\u00e7\u00e3o do povo para a Campanha da \u00c1frica Sem Fronteiras j\u00e1 est\u00e1 ativa e aceitando assinaturas. Com o objetivo de obter o apoio de 20 milh\u00f5es de africanos, a peti\u00e7\u00e3o foi lan\u00e7ada durante uma reuni\u00e3o virtual de alto n\u00edvel em 20 de fevereiro de 2023,","inLanguage":"pt-PT","isPartOf":{"@id":"https:\/\/www.africansrising.org\/pt-pt\/#website"},"breadcrumb":{"@id":"https:\/\/www.africansrising.org\/pt-pt\/jovens-africanos-desafiados-a-lutar-por-uma-africa-unida\/#breadcrumblist"},"author":{"@id":"https:\/\/www.africansrising.org\/pt-pt\/author\/mauricesam\/#author"},"creator":{"@id":"https:\/\/www.africansrising.org\/pt-pt\/author\/mauricesam\/#author"},"image":{"@type":"ImageObject","url":"https:\/\/www.africansrising.org\/wp-content\/uploads\/2023\/03\/airday1-scaled.jpg","@id":"https:\/\/www.africansrising.org\/pt-pt\/jovens-africanos-desafiados-a-lutar-por-uma-africa-unida\/#mainImage","width":2560,"height":1707},"primaryImageOfPage":{"@id":"https:\/\/www.africansrising.org\/pt-pt\/jovens-africanos-desafiados-a-lutar-por-uma-africa-unida\/#mainImage"},"datePublished":"2023-03-03T08:37:47+00:00","dateModified":"2023-04-27T15:08:38+00:00"},{"@type":"WebSite","@id":"https:\/\/www.africansrising.org\/pt-pt\/#website","url":"https:\/\/www.africansrising.org\/pt-pt\/","name":"Africans Rising","description":"For Unity, Justice, Peace & Dignity","inLanguage":"pt-PT","publisher":{"@id":"https:\/\/www.africansrising.org\/pt-pt\/#organization"}}]},"og:locale":"pt_PT","og:site_name":"Africans Rising - For Unity, Justice, Peace &amp; Dignity","og:type":"article","og:title":"Jovens africanos desafiados a lutar por uma \u00c1frica unida - Africans Rising","og:description":"Jovens africanos desafiados a lutar por uma \u00c1frica unida A peti\u00e7\u00e3o do povo para a Campanha da \u00c1frica Sem Fronteiras j\u00e1 est\u00e1 ativa e aceitando assinaturas. Com o objetivo de obter o apoio de 20 milh\u00f5es de africanos, a peti\u00e7\u00e3o foi lan\u00e7ada durante uma reuni\u00e3o virtual de alto n\u00edvel em 20 de fevereiro de 2023,","og:url":"https:\/\/www.africansrising.org\/pt-pt\/jovens-africanos-desafiados-a-lutar-por-uma-africa-unida\/","og:image":"https:\/\/www.africansrising.org\/wp-content\/uploads\/2025\/05\/slide1.png","og:image:secure_url":"https:\/\/www.africansrising.org\/wp-content\/uploads\/2025\/05\/slide1.png","og:image:width":1472,"og:image:height":800,"article:tag":["relat\u00f3rios"],"article:published_time":"2023-03-03T08:37:47+00:00","article:modified_time":"2023-04-27T15:08:38+00:00","article:publisher":"https:\/\/www.facebook.com\/AfricansRising","twitter:card":"summary_large_image","twitter:site":"@AfricansRising","twitter:title":"Jovens africanos desafiados a lutar por uma \u00c1frica unida - Africans Rising","twitter:description":"Jovens africanos desafiados a lutar por uma \u00c1frica unida A peti\u00e7\u00e3o do povo para a Campanha da \u00c1frica Sem Fronteiras j\u00e1 est\u00e1 ativa e aceitando assinaturas. Com o objetivo de obter o apoio de 20 milh\u00f5es de africanos, a peti\u00e7\u00e3o foi lan\u00e7ada durante uma reuni\u00e3o virtual de alto n\u00edvel em 20 de fevereiro de 2023,","twitter:creator":"@AfricansRising","twitter:image":"https:\/\/www.africansrising.org\/wp-content\/uploads\/2025\/05\/slide1.png"},"aioseo_meta_data":{"post_id":"28191","title":null,"description":null,"keywords":[],"keyphrases":{"focus":{"keyphrase":"United Africa","score":80,"analysis":{"keyphraseInTitle":{"score":9,"maxScore":9,"error":0},"keyphraseInDescription":{"score":9,"maxScore":9,"error":0},"keyphraseLength":{"score":9,"maxScore":9,"error":0,"length":2},"keyphraseInURL":{"score":5,"maxScore":5,"error":0},"keyphraseInIntroduction":{"score":9,"maxScore":9,"error":0},"keyphraseInSubHeadings":{"score":3,"maxScore":9,"error":1},"keyphraseInImageAlt":{"score":3,"maxScore":9,"error":1}}},"additional":[]},"primary_term":null,"canonical_url":null,"og_title":null,"og_description":null,"og_object_type":"default","og_image_type":"default","og_image_url":null,"og_image_width":null,"og_image_height":null,"og_image_custom_url":null,"og_image_custom_fields":null,"og_video":"","og_custom_url":null,"og_article_section":null,"og_article_tags":[],"twitter_use_og":false,"twitter_card":"default","twitter_image_type":"default","twitter_image_url":null,"twitter_image_custom_url":null,"twitter_image_custom_fields":null,"twitter_title":null,"twitter_description":null,"schema":{"blockGraphs":[],"customGraphs":[],"default":{"data":{"Article":[],"Course":[],"Dataset":[],"FAQPage":[],"Movie":[],"Person":[],"Product":[],"ProductReview":[],"Car":[],"Recipe":[],"Service":[],"SoftwareApplication":[],"WebPage":[]},"graphName":"","isEnabled":true},"graphs":[]},"schema_type":"default","schema_type_options":null,"pillar_content":false,"robots_default":true,"robots_noindex":false,"robots_noarchive":false,"robots_nosnippet":false,"robots_nofollow":false,"robots_noimageindex":false,"robots_noodp":false,"robots_notranslate":false,"robots_max_snippet":"-1","robots_max_videopreview":"-1","robots_max_imagepreview":"large","priority":null,"frequency":"default","local_seo":null,"seo_analyzer_scan_date":"2025-10-20 15:47:08","breadcrumb_settings":null,"limit_modified_date":false,"reviewed_by":null,"open_ai":null,"ai":null,"created":"2023-04-27 15:08:38","updated":"2026-02-02 14:12:14"},"aioseo_breadcrumb":"<div class=\"aioseo-breadcrumbs\"><span class=\"aioseo-breadcrumb\">\n\t<a href=\"https:\/\/www.africansrising.org\/pt-pt\/\" title=\"Home\">Home<\/a>\n<\/span><span class=\"aioseo-breadcrumb-separator\">&raquo;<\/span><span class=\"aioseo-breadcrumb\">\n\t<a href=\"https:\/\/www.africansrising.org\/pt-pt\/categoria\/relatorios\/\" title=\"Relat\u00f3rios\">Relat\u00f3rios<\/a>\n<\/span><span class=\"aioseo-breadcrumb-separator\">&raquo;<\/span><span class=\"aioseo-breadcrumb\">\n\tJovens africanos desafiados a lutar por uma \u00c1frica unida\n<\/span><\/div>","aioseo_breadcrumb_json":[{"label":"Home","link":"https:\/\/www.africansrising.org\/pt-pt\/"},{"label":"Relat\u00f3rios","link":"https:\/\/www.africansrising.org\/pt-pt\/categoria\/relatorios\/"},{"label":"Jovens africanos desafiados a lutar por uma \u00c1frica unida","link":"https:\/\/www.africansrising.org\/pt-pt\/jovens-africanos-desafiados-a-lutar-por-uma-africa-unida\/"}],"ticketed":false,"_links":{"self":[{"href":"https:\/\/www.africansrising.org\/pt-pt\/wp-json\/wp\/v2\/posts\/28191","targetHints":{"allow":["GET"]}}],"collection":[{"href":"https:\/\/www.africansrising.org\/pt-pt\/wp-json\/wp\/v2\/posts"}],"about":[{"href":"https:\/\/www.africansrising.org\/pt-pt\/wp-json\/wp\/v2\/types\/post"}],"author":[{"embeddable":true,"href":"https:\/\/www.africansrising.org\/pt-pt\/wp-json\/wp\/v2\/users\/6"}],"replies":[{"embeddable":true,"href":"https:\/\/www.africansrising.org\/pt-pt\/wp-json\/wp\/v2\/comments?post=28191"}],"version-history":[{"count":0,"href":"https:\/\/www.africansrising.org\/pt-pt\/wp-json\/wp\/v2\/posts\/28191\/revisions"}],"wp:featuredmedia":[{"embeddable":true,"href":"https:\/\/www.africansrising.org\/pt-pt\/wp-json\/wp\/v2\/media\/26309"}],"wp:attachment":[{"href":"https:\/\/www.africansrising.org\/pt-pt\/wp-json\/wp\/v2\/media?parent=28191"}],"wp:term":[{"taxonomy":"category","embeddable":true,"href":"https:\/\/www.africansrising.org\/pt-pt\/wp-json\/wp\/v2\/categories?post=28191"},{"taxonomy":"post_tag","embeddable":true,"href":"https:\/\/www.africansrising.org\/pt-pt\/wp-json\/wp\/v2\/tags?post=28191"}],"curies":[{"name":"wp","href":"https:\/\/api.w.org\/{rel}","templated":true}]}}