{"id":27181,"date":"2023-03-03T08:14:01","date_gmt":"2023-03-03T08:14:01","guid":{"rendered":"https:\/\/africansristg1.wpenginepowered.com\/africans-rising-condena-repressao-a-africanos-na-tunisia\/"},"modified":"2023-03-23T18:00:48","modified_gmt":"2023-03-23T18:00:48","slug":"africans-rising-condena-repressao-a-africanos-na-tunisia","status":"publish","type":"post","link":"https:\/\/www.africansrising.org\/pt-pt\/africans-rising-condena-repressao-a-africanos-na-tunisia\/","title":{"rendered":"Africans Rising condena repress\u00e3o a africanos na Tun\u00edsia"},"content":{"rendered":"\t\t<div data-elementor-type=\"wp-post\" data-elementor-id=\"27181\" class=\"elementor elementor-27181 elementor-24342\" data-elementor-post-type=\"post\">\n\t\t\t\t\t\t<section class=\"elementor-section elementor-top-section elementor-element elementor-element-4c9a547e elementor-section-boxed elementor-section-height-default elementor-section-height-default\" data-id=\"4c9a547e\" data-element_type=\"section\" data-e-type=\"section\">\n\t\t\t\t\t\t<div class=\"elementor-container elementor-column-gap-default\">\n\t\t\t\t\t<div class=\"elementor-column elementor-col-100 elementor-top-column elementor-element elementor-element-1672be72\" data-id=\"1672be72\" data-element_type=\"column\" data-e-type=\"column\">\n\t\t\t<div class=\"elementor-widget-wrap elementor-element-populated\">\n\t\t\t\t\t\t<div class=\"elementor-element elementor-element-78e0a26 elementor-widget elementor-widget-text-editor\" data-id=\"78e0a26\" data-element_type=\"widget\" data-e-type=\"widget\" data-widget_type=\"text-editor.default\">\n\t\t\t\t<div class=\"elementor-widget-container\">\n\t\t\t\t\t\t\t\t\t<p><span style=\"font-weight: 400;\">Africans Rising for Unity, Justice, Peace, and Dignity condena veementemente os coment\u00e1rios racistas do presidente da Tun\u00edsia em rela\u00e7\u00e3o a outros africanos e uma aparente repress\u00e3o de seu governo aos migrantes subsaarianos sob o pretexto de conter a imigra\u00e7\u00e3o ilegal. <\/span><\/p>\n<p><span style=\"font-weight: 400;\">Em 21 de fevereiro, o presidente Kais Saied fez alega\u00e7\u00f5es infundadas sobre um compl\u00f4 para estabelecer outros africanos na Tun\u00edsia e mudar a composi\u00e7\u00e3o demogr\u00e1fica do pa\u00eds. Sua ret\u00f3rica racista chocou a \u00c1frica e o mundo, e foi condenada pela Uni\u00e3o Africana.<\/span><\/p>\n<p><span style=\"font-weight: 400;\">Os coment\u00e1rios do presidente foram feitos no momento em que ele anunciava uma ordem para interromper toda a migra\u00e7\u00e3o ilegal e expulsar os migrantes indocumentados, o que causou p\u00e2nico entre os tunisianos negros, bem como entre os cerca de 20.000 compatriotas africanos do sul do Saara no pa\u00eds. Na sequ\u00eancia de seus coment\u00e1rios, os meios de comunica\u00e7\u00e3o relataram um aumento do ass\u00e9dio contra os migrantes africanos em todo o pa\u00eds. Nos campi universit\u00e1rios, os estudantes t\u00eam sido visados \u200b\u200be as associa\u00e7\u00f5es estudantis est\u00e3o pedindo aos estudantes negros que fiquem em casa por medo de serem agredidos por pessoas inflamadas pela ret\u00f3rica anti-imigra\u00e7\u00e3o. No dia 25 de fevereiro, quatro migrantes foram agredidos e assediados com uma faca, havendo tamb\u00e9m den\u00fancia de um gabon\u00eas que foi assediado ao sair de casa. <\/span>[\/vc_column_text][\/vc_column][\/vc_row][vc_row][vc_column][vc_column_text]<\/p>\n<h4><span style=\"font-weight: 400;\">Africans Rising for Unity, Justice, Peace and Dignity apela:<\/span><\/h4>\n<ul>\n<li><span style=\"font-weight: 400;\">As autoridades do governo da Tun\u00edsia devem interromper a repress\u00e3o aos migrantes africanos e seguir as leis nacionais e internacionais de direitos humanos em um exerc\u00edcio para controlar a imigra\u00e7\u00e3o ilegal.<\/span><\/li>\n<li style=\"font-weight: 400;\" aria-level=\"1\"><span style=\"font-weight: 400;\">\u00d3rg\u00e3os de seguran\u00e7a para garantir a prote\u00e7\u00e3o dos migrantes da \u00c1frica Subsaariana, sejam eles legais ou ilegais; e tomar as medidas apropriadas contra qualquer pessoa envolvida no ass\u00e9dio de compatriotas africanos e tunisianos negros.<\/span><\/li>\n<li style=\"font-weight: 400;\" aria-level=\"1\"><span style=\"font-weight: 400;\">Organiza\u00e7\u00f5es de direitos humanos na Tun\u00edsia e em toda a \u00c1frica unem suas vozes e condenam esses ataques aos negros na Tun\u00edsia. <\/span><\/li>\n<\/ul>\n\t\t\t\t\t\t\t\t<\/div>\n\t\t\t\t<\/div>\n\t\t\t\t\t<\/div>\n\t\t<\/div>\n\t\t\t\t\t<\/div>\n\t\t<\/section>\n\t\t\t\t<\/div>\n\t\t","protected":false},"excerpt":{"rendered":"<p>Africans Rising for Unity, Justice, Peace, and Dignity condena veementemente os coment\u00e1rios racistas do presidente da Tun\u00edsia em rela\u00e7\u00e3o a outros africanos e a aparente repress\u00e3o de seu governo aos migrantes subsaarianos sob o pretexto de conter a imigra\u00e7\u00e3o ilegal. <\/p>\n","protected":false},"author":6,"featured_media":25883,"comment_status":"closed","ping_status":"closed","sticky":false,"template":"","format":"standard","meta":{"_eb_attr":"","om_disable_all_campaigns":false,"_kad_blocks_custom_css":"","_kad_blocks_head_custom_js":"","_kad_blocks_body_custom_js":"","_kad_blocks_footer_custom_js":"","_monsterinsights_skip_tracking":false,"_monsterinsights_sitenote_active":false,"_monsterinsights_sitenote_note":"","_monsterinsights_sitenote_category":0,"_price":"","_stock":"","_tribe_ticket_header":"","_tribe_default_ticket_provider":"","_tribe_ticket_capacity":"0","_ticket_start_date":"","_ticket_end_date":"","_tribe_ticket_show_description":"","_tribe_ticket_show_not_going":false,"_tribe_ticket_use_global_stock":"","_tribe_ticket_global_stock_level":"","_global_stock_mode":"","_global_stock_cap":"","_tribe_rsvp_for_event":"","_tribe_ticket_going_count":"","_tribe_ticket_not_going_count":"","_tribe_tickets_list":"[]","_tribe_ticket_has_attendee_info_fields":false,"_EventAllDay":false,"_EventTimezone":"","_EventStartDate":"","_EventEndDate":"","_EventStartDateUTC":"","_EventEndDateUTC":"","_EventShowMap":false,"_EventShowMapLink":false,"_EventURL":"","_EventCost":"","_EventCostDescription":"","_EventCurrencySymbol":"","_EventCurrencyCode":"","_EventCurrencyPosition":"","_EventDateTimeSeparator":"","_EventTimeRangeSeparator":"","_EventOrganizerID":[],"_EventVenueID":[],"_OrganizerEmail":"","_OrganizerPhone":"","_OrganizerWebsite":"","_VenueAddress":"","_VenueCity":"","_VenueCountry":"","_VenueProvince":"","_VenueState":"","_VenueZip":"","_VenuePhone":"","_VenueURL":"","_VenueStateProvince":"","_VenueLat":"","_VenueLng":"","_VenueShowMap":false,"_VenueShowMapLink":false,"_kadence_starter_templates_imported_post":false,"_kad_post_transparent":"","_kad_post_title":"","_kad_post_layout":"","_kad_post_sidebar_id":"","_kad_post_content_style":"","_kad_post_vertical_padding":"","_kad_post_feature":"","_kad_post_feature_position":"","_kad_post_header":false,"_kad_post_footer":false,"_kad_post_classname":"","footnotes":"","_tec_slr_enabled":"","_tec_slr_layout":""},"categories":[677],"tags":[1034,1035,1036,1038,1037],"class_list":["post-27181","post","type-post","status-publish","format-standard","has-post-thumbnail","hentry","category-declaracao-de-solidariedade","tag-africansrising-pt-pt","tag-africa-pt-pt","tag-africanos","tag-racismo","tag-tunisia-pt-pt"],"aioseo_notices":[],"taxonomy_info":{"category":[{"value":677,"label":"Declara\u00e7\u00e3o de Solidariedade"}],"post_tag":[{"value":1034,"label":"#AfricansRising"},{"value":1035,"label":"\u00c1frica"},{"value":1036,"label":"Africanos"},{"value":1038,"label":"Racismo"},{"value":1037,"label":"Tun\u00edsia"}]},"featured_image_src_large":["https:\/\/www.africansrising.org\/wp-content\/uploads\/2023\/03\/people-from-different-culture-races-protest-street-equal-rights-demonstrators-wearing-face-masks-during-black-lives-matter-fight-campaign-focus-black-man-eyes-1024x683.jpg",1024,683,true],"author_info":{"display_name":"Africans Rising","author_link":"https:\/\/www.africansrising.org\/pt-pt\/author\/mauricesam\/"},"comment_info":0,"category_info":[{"term_id":677,"name":"Declara\u00e7\u00e3o de Solidariedade","slug":"declaracao-de-solidariedade","term_group":0,"term_taxonomy_id":677,"taxonomy":"category","description":"","parent":1002,"count":3,"filter":"raw","cat_ID":677,"category_count":3,"category_description":"","cat_name":"Declara\u00e7\u00e3o de Solidariedade","category_nicename":"declaracao-de-solidariedade","category_parent":1002}],"tag_info":[{"term_id":1034,"name":"#AfricansRising","slug":"africansrising-pt-pt","term_group":0,"term_taxonomy_id":1034,"taxonomy":"post_tag","description":"","parent":0,"count":4,"filter":"raw"},{"term_id":1035,"name":"\u00c1frica","slug":"africa-pt-pt","term_group":0,"term_taxonomy_id":1035,"taxonomy":"post_tag","description":"","parent":0,"count":1,"filter":"raw"},{"term_id":1036,"name":"Africanos","slug":"africanos","term_group":0,"term_taxonomy_id":1036,"taxonomy":"post_tag","description":"","parent":0,"count":2,"filter":"raw"},{"term_id":1038,"name":"Racismo","slug":"racismo","term_group":0,"term_taxonomy_id":1038,"taxonomy":"post_tag","description":"","parent":0,"count":1,"filter":"raw"},{"term_id":1037,"name":"Tun\u00edsia","slug":"tunisia-pt-pt","term_group":0,"term_taxonomy_id":1037,"taxonomy":"post_tag","description":"","parent":0,"count":1,"filter":"raw"}],"aioseo_head":"\n\t\t<!-- All in One SEO Pro 4.9.6.2 - aioseo.com -->\n\t<meta name=\"description\" content=\"Africans Rising for Unity, Justice, Peace, and Dignity condena veementemente os coment\u00e1rios racistas do presidente da Tun\u00edsia em rela\u00e7\u00e3o a outros africanos e a aparente repress\u00e3o de seu governo aos migrantes subsaarianos sob o pretexto de conter a imigra\u00e7\u00e3o ilegal.\" \/>\n\t<meta name=\"robots\" content=\"max-image-preview:large\" \/>\n\t<meta name=\"author\" content=\"Africans Rising\"\/>\n\t<link rel=\"canonical\" href=\"https:\/\/www.africansrising.org\/pt-pt\/africans-rising-condena-repressao-a-africanos-na-tunisia\/\" \/>\n\t<meta name=\"generator\" content=\"All in One SEO Pro (AIOSEO) 4.9.6.2\" \/>\n\t\t<meta property=\"og:locale\" content=\"pt_PT\" \/>\n\t\t<meta property=\"og:site_name\" content=\"Africans Rising - For Unity, Justice, Peace &amp; Dignity\" \/>\n\t\t<meta property=\"og:type\" content=\"article\" \/>\n\t\t<meta property=\"og:title\" content=\"Africans Rising condena repress\u00e3o a africanos na Tun\u00edsia - Africans Rising\" \/>\n\t\t<meta property=\"og:description\" content=\"Africans Rising for Unity, Justice, Peace, and Dignity condena veementemente os coment\u00e1rios racistas do presidente da Tun\u00edsia em rela\u00e7\u00e3o a outros africanos e a aparente repress\u00e3o de seu governo aos migrantes subsaarianos sob o pretexto de conter a imigra\u00e7\u00e3o ilegal.\" \/>\n\t\t<meta property=\"og:url\" content=\"https:\/\/www.africansrising.org\/pt-pt\/africans-rising-condena-repressao-a-africanos-na-tunisia\/\" \/>\n\t\t<meta property=\"og:image\" content=\"https:\/\/www.africansrising.org\/wp-content\/uploads\/2025\/05\/slide1.png\" \/>\n\t\t<meta property=\"og:image:secure_url\" content=\"https:\/\/www.africansrising.org\/wp-content\/uploads\/2025\/05\/slide1.png\" \/>\n\t\t<meta property=\"og:image:width\" content=\"1472\" \/>\n\t\t<meta property=\"og:image:height\" content=\"800\" \/>\n\t\t<meta property=\"article:tag\" content=\"declara\u00e7\u00e3o de solidariedade\" \/>\n\t\t<meta property=\"article:tag\" content=\"#africansrising\" \/>\n\t\t<meta property=\"article:tag\" content=\"\u00e1frica\" \/>\n\t\t<meta property=\"article:tag\" content=\"africanos\" \/>\n\t\t<meta property=\"article:tag\" content=\"racismo\" \/>\n\t\t<meta property=\"article:tag\" content=\"tun\u00edsia\" \/>\n\t\t<meta property=\"article:published_time\" content=\"2023-03-03T08:14:01+00:00\" \/>\n\t\t<meta property=\"article:modified_time\" content=\"2023-03-23T18:00:48+00:00\" \/>\n\t\t<meta property=\"article:publisher\" content=\"https:\/\/www.facebook.com\/AfricansRising\" \/>\n\t\t<meta name=\"twitter:card\" content=\"summary_large_image\" \/>\n\t\t<meta name=\"twitter:site\" content=\"@AfricansRising\" \/>\n\t\t<meta name=\"twitter:title\" content=\"Africans Rising condena repress\u00e3o a africanos na Tun\u00edsia - Africans Rising\" \/>\n\t\t<meta name=\"twitter:description\" content=\"Africans Rising for Unity, Justice, Peace, and Dignity condena veementemente os coment\u00e1rios racistas do presidente da Tun\u00edsia em rela\u00e7\u00e3o a outros africanos e a aparente repress\u00e3o de seu governo aos migrantes subsaarianos sob o pretexto de conter a imigra\u00e7\u00e3o ilegal.\" \/>\n\t\t<meta name=\"twitter:creator\" content=\"@AfricansRising\" \/>\n\t\t<meta name=\"twitter:image\" content=\"https:\/\/www.africansrising.org\/wp-content\/uploads\/2025\/05\/slide1.png\" \/>\n\t\t<script type=\"application\/ld+json\" class=\"aioseo-schema\">\n\t\t\t{\"@context\":\"https:\\\/\\\/schema.org\",\"@graph\":[{\"@type\":\"BlogPosting\",\"@id\":\"https:\\\/\\\/www.africansrising.org\\\/pt-pt\\\/africans-rising-condena-repressao-a-africanos-na-tunisia\\\/#blogposting\",\"name\":\"Africans Rising condena repress\\u00e3o a africanos na Tun\\u00edsia - Africans Rising\",\"headline\":\"Africans Rising condena repress\\u00e3o a africanos na Tun\\u00edsia\",\"author\":{\"@id\":\"https:\\\/\\\/www.africansrising.org\\\/pt-pt\\\/author\\\/mauricesam\\\/#author\"},\"publisher\":{\"@id\":\"https:\\\/\\\/www.africansrising.org\\\/pt-pt\\\/#organization\"},\"image\":{\"@type\":\"ImageObject\",\"url\":\"https:\\\/\\\/www.africansrising.org\\\/wp-content\\\/uploads\\\/2023\\\/03\\\/people-from-different-culture-races-protest-street-equal-rights-demonstrators-wearing-face-masks-during-black-lives-matter-fight-campaign-focus-black-man-eyes-scaled.jpg\",\"width\":2560,\"height\":1707,\"caption\":\"People from different culture and races protest on the street for equal rights - Demonstrators wearing face masks during black lives matter fight campaign - Focus on black man eyes\"},\"datePublished\":\"2023-03-03T08:14:01+00:00\",\"dateModified\":\"2023-03-23T18:00:48+00:00\",\"inLanguage\":\"pt-PT\",\"mainEntityOfPage\":{\"@id\":\"https:\\\/\\\/www.africansrising.org\\\/pt-pt\\\/africans-rising-condena-repressao-a-africanos-na-tunisia\\\/#webpage\"},\"isPartOf\":{\"@id\":\"https:\\\/\\\/www.africansrising.org\\\/pt-pt\\\/africans-rising-condena-repressao-a-africanos-na-tunisia\\\/#webpage\"},\"articleSection\":\"Declara\\u00e7\\u00e3o de Solidariedade, #AfricansRising, \\u00c1frica, Africanos, Racismo, Tun\\u00edsia, Opcional\"},{\"@type\":\"BreadcrumbList\",\"@id\":\"https:\\\/\\\/www.africansrising.org\\\/pt-pt\\\/africans-rising-condena-repressao-a-africanos-na-tunisia\\\/#breadcrumblist\",\"itemListElement\":[{\"@type\":\"ListItem\",\"@id\":\"https:\\\/\\\/www.africansrising.org\\\/pt-pt\\\/#listItem\",\"position\":1,\"name\":\"Home\",\"item\":\"https:\\\/\\\/www.africansrising.org\\\/pt-pt\\\/\",\"nextItem\":{\"@type\":\"ListItem\",\"@id\":\"https:\\\/\\\/www.africansrising.org\\\/pt-pt\\\/categoria\\\/noticias\\\/#listItem\",\"name\":\"Not\\u00edcias\"}},{\"@type\":\"ListItem\",\"@id\":\"https:\\\/\\\/www.africansrising.org\\\/pt-pt\\\/categoria\\\/noticias\\\/#listItem\",\"position\":2,\"name\":\"Not\\u00edcias\",\"item\":\"https:\\\/\\\/www.africansrising.org\\\/pt-pt\\\/categoria\\\/noticias\\\/\",\"nextItem\":{\"@type\":\"ListItem\",\"@id\":\"https:\\\/\\\/www.africansrising.org\\\/pt-pt\\\/categoria\\\/noticias\\\/declaracao-de-solidariedade\\\/#listItem\",\"name\":\"Declara\\u00e7\\u00e3o de Solidariedade\"},\"previousItem\":{\"@type\":\"ListItem\",\"@id\":\"https:\\\/\\\/www.africansrising.org\\\/pt-pt\\\/#listItem\",\"name\":\"Home\"}},{\"@type\":\"ListItem\",\"@id\":\"https:\\\/\\\/www.africansrising.org\\\/pt-pt\\\/categoria\\\/noticias\\\/declaracao-de-solidariedade\\\/#listItem\",\"position\":3,\"name\":\"Declara\\u00e7\\u00e3o de Solidariedade\",\"item\":\"https:\\\/\\\/www.africansrising.org\\\/pt-pt\\\/categoria\\\/noticias\\\/declaracao-de-solidariedade\\\/\",\"nextItem\":{\"@type\":\"ListItem\",\"@id\":\"https:\\\/\\\/www.africansrising.org\\\/pt-pt\\\/africans-rising-condena-repressao-a-africanos-na-tunisia\\\/#listItem\",\"name\":\"Africans Rising condena repress\\u00e3o a africanos na Tun\\u00edsia\"},\"previousItem\":{\"@type\":\"ListItem\",\"@id\":\"https:\\\/\\\/www.africansrising.org\\\/pt-pt\\\/categoria\\\/noticias\\\/#listItem\",\"name\":\"Not\\u00edcias\"}},{\"@type\":\"ListItem\",\"@id\":\"https:\\\/\\\/www.africansrising.org\\\/pt-pt\\\/africans-rising-condena-repressao-a-africanos-na-tunisia\\\/#listItem\",\"position\":4,\"name\":\"Africans Rising condena repress\\u00e3o a africanos na Tun\\u00edsia\",\"previousItem\":{\"@type\":\"ListItem\",\"@id\":\"https:\\\/\\\/www.africansrising.org\\\/pt-pt\\\/categoria\\\/noticias\\\/declaracao-de-solidariedade\\\/#listItem\",\"name\":\"Declara\\u00e7\\u00e3o de Solidariedade\"}}]},{\"@type\":\"Organization\",\"@id\":\"https:\\\/\\\/www.africansrising.org\\\/pt-pt\\\/#organization\",\"name\":\"Africans Rising for Unity, Justice, Peace and Dignity\",\"description\":\"Africans Rising is the result of a bottom-up series of on and offline consultations and dialogues between and amongst social movements, NGOs, peoples and popular social justice movements, intellectuals, artists, athletes, cultural activists, religious organisations, trade unions and others, across the AU determined regions of the continent, including the diaspora. The Africans Rising movement was formally launched in May 2017 with an understanding that African civil society needed to develop a new, collaborative and effective way to work for change.\",\"url\":\"https:\\\/\\\/www.africansrising.org\\\/pt-pt\\\/\",\"email\":\"info@africans-rising.org\",\"telephone\":\"+221771038289\",\"foundingDate\":\"2017-05-25\",\"logo\":{\"@type\":\"ImageObject\",\"url\":\"https:\\\/\\\/www.africansrising.org\\\/wp-content\\\/uploads\\\/2023\\\/01\\\/AR-New-logo-transparent-01.png\",\"@id\":\"https:\\\/\\\/www.africansrising.org\\\/pt-pt\\\/africans-rising-condena-repressao-a-africanos-na-tunisia\\\/#organizationLogo\",\"width\":1667,\"height\":417},\"image\":{\"@id\":\"https:\\\/\\\/www.africansrising.org\\\/pt-pt\\\/africans-rising-condena-repressao-a-africanos-na-tunisia\\\/#organizationLogo\"},\"sameAs\":[\"https:\\\/\\\/www.facebook.com\\\/AfricansRising\",\"https:\\\/\\\/twitter.com\\\/AfricansRising\",\"https:\\\/\\\/www.instagram.com\\\/africans_rising\\\/\",\"https:\\\/\\\/www.tiktok.com\\\/@africansrising\",\"https:\\\/\\\/studio.youtube.com\\\/channel\\\/UCW7FXlPUXVCiiCWaTsPjSNA?c=UCW7FXlPUXVCiiCWaTsPjSNA\",\"https:\\\/\\\/www.linkedin.com\\\/in\\\/africans-rising-06091322a\\\/\",\"https:\\\/\\\/soundcloud.com\\\/africans_rising\"]},{\"@type\":\"Person\",\"@id\":\"https:\\\/\\\/www.africansrising.org\\\/pt-pt\\\/author\\\/mauricesam\\\/#author\",\"url\":\"https:\\\/\\\/www.africansrising.org\\\/pt-pt\\\/author\\\/mauricesam\\\/\",\"name\":\"Africans Rising\",\"image\":{\"@type\":\"ImageObject\",\"url\":\"https:\\\/\\\/secure.gravatar.com\\\/avatar\\\/a9a096d6055d87fb6702c05aef75e04b8a7e49174b972e984e6da946320a9338?s=96&d=blank&r=g\"}},{\"@type\":\"WebPage\",\"@id\":\"https:\\\/\\\/www.africansrising.org\\\/pt-pt\\\/africans-rising-condena-repressao-a-africanos-na-tunisia\\\/#webpage\",\"url\":\"https:\\\/\\\/www.africansrising.org\\\/pt-pt\\\/africans-rising-condena-repressao-a-africanos-na-tunisia\\\/\",\"name\":\"Africans Rising condena repress\\u00e3o a africanos na Tun\\u00edsia - Africans Rising\",\"description\":\"Africans Rising for Unity, Justice, Peace, and Dignity condena veementemente os coment\\u00e1rios racistas do presidente da Tun\\u00edsia em rela\\u00e7\\u00e3o a outros africanos e a aparente repress\\u00e3o de seu governo aos migrantes subsaarianos sob o pretexto de conter a imigra\\u00e7\\u00e3o ilegal.\",\"inLanguage\":\"pt-PT\",\"isPartOf\":{\"@id\":\"https:\\\/\\\/www.africansrising.org\\\/pt-pt\\\/#website\"},\"breadcrumb\":{\"@id\":\"https:\\\/\\\/www.africansrising.org\\\/pt-pt\\\/africans-rising-condena-repressao-a-africanos-na-tunisia\\\/#breadcrumblist\"},\"author\":{\"@id\":\"https:\\\/\\\/www.africansrising.org\\\/pt-pt\\\/author\\\/mauricesam\\\/#author\"},\"creator\":{\"@id\":\"https:\\\/\\\/www.africansrising.org\\\/pt-pt\\\/author\\\/mauricesam\\\/#author\"},\"image\":{\"@type\":\"ImageObject\",\"url\":\"https:\\\/\\\/www.africansrising.org\\\/wp-content\\\/uploads\\\/2023\\\/03\\\/people-from-different-culture-races-protest-street-equal-rights-demonstrators-wearing-face-masks-during-black-lives-matter-fight-campaign-focus-black-man-eyes-scaled.jpg\",\"@id\":\"https:\\\/\\\/www.africansrising.org\\\/pt-pt\\\/africans-rising-condena-repressao-a-africanos-na-tunisia\\\/#mainImage\",\"width\":2560,\"height\":1707,\"caption\":\"People from different culture and races protest on the street for equal rights - Demonstrators wearing face masks during black lives matter fight campaign - Focus on black man eyes\"},\"primaryImageOfPage\":{\"@id\":\"https:\\\/\\\/www.africansrising.org\\\/pt-pt\\\/africans-rising-condena-repressao-a-africanos-na-tunisia\\\/#mainImage\"},\"datePublished\":\"2023-03-03T08:14:01+00:00\",\"dateModified\":\"2023-03-23T18:00:48+00:00\"},{\"@type\":\"WebSite\",\"@id\":\"https:\\\/\\\/www.africansrising.org\\\/pt-pt\\\/#website\",\"url\":\"https:\\\/\\\/www.africansrising.org\\\/pt-pt\\\/\",\"name\":\"Africans Rising\",\"description\":\"For Unity, Justice, Peace & Dignity\",\"inLanguage\":\"pt-PT\",\"publisher\":{\"@id\":\"https:\\\/\\\/www.africansrising.org\\\/pt-pt\\\/#organization\"}}]}\n\t\t<\/script>\n\t\t<!-- All in One SEO Pro -->\r\n\t\t<title>Africans Rising condena repress\u00e3o a africanos na Tun\u00edsia - Africans Rising<\/title>\n\n","aioseo_head_json":{"title":"Africans Rising condena repress\u00e3o a africanos na Tun\u00edsia - Africans Rising","description":"Africans Rising for Unity, Justice, Peace, and Dignity condena veementemente os coment\u00e1rios racistas do presidente da Tun\u00edsia em rela\u00e7\u00e3o a outros africanos e a aparente repress\u00e3o de seu governo aos migrantes subsaarianos sob o pretexto de conter a imigra\u00e7\u00e3o ilegal.","canonical_url":"https:\/\/www.africansrising.org\/pt-pt\/africans-rising-condena-repressao-a-africanos-na-tunisia\/","robots":"max-image-preview:large","keywords":"","webmasterTools":{"miscellaneous":""},"schema":{"@context":"https:\/\/schema.org","@graph":[{"@type":"BlogPosting","@id":"https:\/\/www.africansrising.org\/pt-pt\/africans-rising-condena-repressao-a-africanos-na-tunisia\/#blogposting","name":"Africans Rising condena repress\u00e3o a africanos na Tun\u00edsia - Africans Rising","headline":"Africans Rising condena repress\u00e3o a africanos na Tun\u00edsia","author":{"@id":"https:\/\/www.africansrising.org\/pt-pt\/author\/mauricesam\/#author"},"publisher":{"@id":"https:\/\/www.africansrising.org\/pt-pt\/#organization"},"image":{"@type":"ImageObject","url":"https:\/\/www.africansrising.org\/wp-content\/uploads\/2023\/03\/people-from-different-culture-races-protest-street-equal-rights-demonstrators-wearing-face-masks-during-black-lives-matter-fight-campaign-focus-black-man-eyes-scaled.jpg","width":2560,"height":1707,"caption":"People from different culture and races protest on the street for equal rights - Demonstrators wearing face masks during black lives matter fight campaign - Focus on black man eyes"},"datePublished":"2023-03-03T08:14:01+00:00","dateModified":"2023-03-23T18:00:48+00:00","inLanguage":"pt-PT","mainEntityOfPage":{"@id":"https:\/\/www.africansrising.org\/pt-pt\/africans-rising-condena-repressao-a-africanos-na-tunisia\/#webpage"},"isPartOf":{"@id":"https:\/\/www.africansrising.org\/pt-pt\/africans-rising-condena-repressao-a-africanos-na-tunisia\/#webpage"},"articleSection":"Declara\u00e7\u00e3o de Solidariedade, #AfricansRising, \u00c1frica, Africanos, Racismo, Tun\u00edsia, Opcional"},{"@type":"BreadcrumbList","@id":"https:\/\/www.africansrising.org\/pt-pt\/africans-rising-condena-repressao-a-africanos-na-tunisia\/#breadcrumblist","itemListElement":[{"@type":"ListItem","@id":"https:\/\/www.africansrising.org\/pt-pt\/#listItem","position":1,"name":"Home","item":"https:\/\/www.africansrising.org\/pt-pt\/","nextItem":{"@type":"ListItem","@id":"https:\/\/www.africansrising.org\/pt-pt\/categoria\/noticias\/#listItem","name":"Not\u00edcias"}},{"@type":"ListItem","@id":"https:\/\/www.africansrising.org\/pt-pt\/categoria\/noticias\/#listItem","position":2,"name":"Not\u00edcias","item":"https:\/\/www.africansrising.org\/pt-pt\/categoria\/noticias\/","nextItem":{"@type":"ListItem","@id":"https:\/\/www.africansrising.org\/pt-pt\/categoria\/noticias\/declaracao-de-solidariedade\/#listItem","name":"Declara\u00e7\u00e3o de Solidariedade"},"previousItem":{"@type":"ListItem","@id":"https:\/\/www.africansrising.org\/pt-pt\/#listItem","name":"Home"}},{"@type":"ListItem","@id":"https:\/\/www.africansrising.org\/pt-pt\/categoria\/noticias\/declaracao-de-solidariedade\/#listItem","position":3,"name":"Declara\u00e7\u00e3o de Solidariedade","item":"https:\/\/www.africansrising.org\/pt-pt\/categoria\/noticias\/declaracao-de-solidariedade\/","nextItem":{"@type":"ListItem","@id":"https:\/\/www.africansrising.org\/pt-pt\/africans-rising-condena-repressao-a-africanos-na-tunisia\/#listItem","name":"Africans Rising condena repress\u00e3o a africanos na Tun\u00edsia"},"previousItem":{"@type":"ListItem","@id":"https:\/\/www.africansrising.org\/pt-pt\/categoria\/noticias\/#listItem","name":"Not\u00edcias"}},{"@type":"ListItem","@id":"https:\/\/www.africansrising.org\/pt-pt\/africans-rising-condena-repressao-a-africanos-na-tunisia\/#listItem","position":4,"name":"Africans Rising condena repress\u00e3o a africanos na Tun\u00edsia","previousItem":{"@type":"ListItem","@id":"https:\/\/www.africansrising.org\/pt-pt\/categoria\/noticias\/declaracao-de-solidariedade\/#listItem","name":"Declara\u00e7\u00e3o de Solidariedade"}}]},{"@type":"Organization","@id":"https:\/\/www.africansrising.org\/pt-pt\/#organization","name":"Africans Rising for Unity, Justice, Peace and Dignity","description":"Africans Rising is the result of a bottom-up series of on and offline consultations and dialogues between and amongst social movements, NGOs, peoples and popular social justice movements, intellectuals, artists, athletes, cultural activists, religious organisations, trade unions and others, across the AU determined regions of the continent, including the diaspora. The Africans Rising movement was formally launched in May 2017 with an understanding that African civil society needed to develop a new, collaborative and effective way to work for change.","url":"https:\/\/www.africansrising.org\/pt-pt\/","email":"info@africans-rising.org","telephone":"+221771038289","foundingDate":"2017-05-25","logo":{"@type":"ImageObject","url":"https:\/\/www.africansrising.org\/wp-content\/uploads\/2023\/01\/AR-New-logo-transparent-01.png","@id":"https:\/\/www.africansrising.org\/pt-pt\/africans-rising-condena-repressao-a-africanos-na-tunisia\/#organizationLogo","width":1667,"height":417},"image":{"@id":"https:\/\/www.africansrising.org\/pt-pt\/africans-rising-condena-repressao-a-africanos-na-tunisia\/#organizationLogo"},"sameAs":["https:\/\/www.facebook.com\/AfricansRising","https:\/\/twitter.com\/AfricansRising","https:\/\/www.instagram.com\/africans_rising\/","https:\/\/www.tiktok.com\/@africansrising","https:\/\/studio.youtube.com\/channel\/UCW7FXlPUXVCiiCWaTsPjSNA?c=UCW7FXlPUXVCiiCWaTsPjSNA","https:\/\/www.linkedin.com\/in\/africans-rising-06091322a\/","https:\/\/soundcloud.com\/africans_rising"]},{"@type":"Person","@id":"https:\/\/www.africansrising.org\/pt-pt\/author\/mauricesam\/#author","url":"https:\/\/www.africansrising.org\/pt-pt\/author\/mauricesam\/","name":"Africans Rising","image":{"@type":"ImageObject","url":"https:\/\/secure.gravatar.com\/avatar\/a9a096d6055d87fb6702c05aef75e04b8a7e49174b972e984e6da946320a9338?s=96&d=blank&r=g"}},{"@type":"WebPage","@id":"https:\/\/www.africansrising.org\/pt-pt\/africans-rising-condena-repressao-a-africanos-na-tunisia\/#webpage","url":"https:\/\/www.africansrising.org\/pt-pt\/africans-rising-condena-repressao-a-africanos-na-tunisia\/","name":"Africans Rising condena repress\u00e3o a africanos na Tun\u00edsia - Africans Rising","description":"Africans Rising for Unity, Justice, Peace, and Dignity condena veementemente os coment\u00e1rios racistas do presidente da Tun\u00edsia em rela\u00e7\u00e3o a outros africanos e a aparente repress\u00e3o de seu governo aos migrantes subsaarianos sob o pretexto de conter a imigra\u00e7\u00e3o ilegal.","inLanguage":"pt-PT","isPartOf":{"@id":"https:\/\/www.africansrising.org\/pt-pt\/#website"},"breadcrumb":{"@id":"https:\/\/www.africansrising.org\/pt-pt\/africans-rising-condena-repressao-a-africanos-na-tunisia\/#breadcrumblist"},"author":{"@id":"https:\/\/www.africansrising.org\/pt-pt\/author\/mauricesam\/#author"},"creator":{"@id":"https:\/\/www.africansrising.org\/pt-pt\/author\/mauricesam\/#author"},"image":{"@type":"ImageObject","url":"https:\/\/www.africansrising.org\/wp-content\/uploads\/2023\/03\/people-from-different-culture-races-protest-street-equal-rights-demonstrators-wearing-face-masks-during-black-lives-matter-fight-campaign-focus-black-man-eyes-scaled.jpg","@id":"https:\/\/www.africansrising.org\/pt-pt\/africans-rising-condena-repressao-a-africanos-na-tunisia\/#mainImage","width":2560,"height":1707,"caption":"People from different culture and races protest on the street for equal rights - Demonstrators wearing face masks during black lives matter fight campaign - Focus on black man eyes"},"primaryImageOfPage":{"@id":"https:\/\/www.africansrising.org\/pt-pt\/africans-rising-condena-repressao-a-africanos-na-tunisia\/#mainImage"},"datePublished":"2023-03-03T08:14:01+00:00","dateModified":"2023-03-23T18:00:48+00:00"},{"@type":"WebSite","@id":"https:\/\/www.africansrising.org\/pt-pt\/#website","url":"https:\/\/www.africansrising.org\/pt-pt\/","name":"Africans Rising","description":"For Unity, Justice, Peace & Dignity","inLanguage":"pt-PT","publisher":{"@id":"https:\/\/www.africansrising.org\/pt-pt\/#organization"}}]},"og:locale":"pt_PT","og:site_name":"Africans Rising - For Unity, Justice, Peace &amp; Dignity","og:type":"article","og:title":"Africans Rising condena repress\u00e3o a africanos na Tun\u00edsia - Africans Rising","og:description":"Africans Rising for Unity, Justice, Peace, and Dignity condena veementemente os coment\u00e1rios racistas do presidente da Tun\u00edsia em rela\u00e7\u00e3o a outros africanos e a aparente repress\u00e3o de seu governo aos migrantes subsaarianos sob o pretexto de conter a imigra\u00e7\u00e3o ilegal.","og:url":"https:\/\/www.africansrising.org\/pt-pt\/africans-rising-condena-repressao-a-africanos-na-tunisia\/","og:image":"https:\/\/www.africansrising.org\/wp-content\/uploads\/2025\/05\/slide1.png","og:image:secure_url":"https:\/\/www.africansrising.org\/wp-content\/uploads\/2025\/05\/slide1.png","og:image:width":1472,"og:image:height":800,"article:tag":["declara\u00e7\u00e3o de solidariedade","#africansrising","\u00e1frica","africanos","racismo","tun\u00edsia"],"article:published_time":"2023-03-03T08:14:01+00:00","article:modified_time":"2023-03-23T18:00:48+00:00","article:publisher":"https:\/\/www.facebook.com\/AfricansRising","twitter:card":"summary_large_image","twitter:site":"@AfricansRising","twitter:title":"Africans Rising condena repress\u00e3o a africanos na Tun\u00edsia - Africans Rising","twitter:description":"Africans Rising for Unity, Justice, Peace, and Dignity condena veementemente os coment\u00e1rios racistas do presidente da Tun\u00edsia em rela\u00e7\u00e3o a outros africanos e a aparente repress\u00e3o de seu governo aos migrantes subsaarianos sob o pretexto de conter a imigra\u00e7\u00e3o ilegal.","twitter:creator":"@AfricansRising","twitter:image":"https:\/\/www.africansrising.org\/wp-content\/uploads\/2025\/05\/slide1.png"},"aioseo_meta_data":{"post_id":"27181","title":null,"description":null,"keywords":[],"keyphrases":{"focus":{"keyphrase":"Africans Rising condemns crackdown on fellow Africans in Tunisia","score":56,"analysis":{"keyphraseInTitle":{"score":9,"maxScore":9,"error":0},"keyphraseInDescription":{"score":3,"maxScore":9,"error":1},"keyphraseLength":{"score":3,"maxScore":9,"error":1,"length":9},"keyphraseInURL":{"score":5,"maxScore":5,"error":0},"keyphraseInIntroduction":{"score":3,"maxScore":9,"error":1},"keyphraseInSubHeadings":[],"keyphraseInImageAlt":[]}},"additional":[]},"primary_term":null,"canonical_url":null,"og_title":null,"og_description":null,"og_object_type":"default","og_image_type":"default","og_image_url":null,"og_image_width":null,"og_image_height":null,"og_image_custom_url":null,"og_image_custom_fields":null,"og_video":"","og_custom_url":null,"og_article_section":null,"og_article_tags":[],"twitter_use_og":false,"twitter_card":"default","twitter_image_type":"default","twitter_image_url":null,"twitter_image_custom_url":null,"twitter_image_custom_fields":null,"twitter_title":null,"twitter_description":null,"schema":{"blockGraphs":[],"customGraphs":[],"default":{"data":{"Article":[],"Course":[],"Dataset":[],"FAQPage":[],"Movie":[],"Person":[],"Product":[],"ProductReview":[],"Car":[],"Recipe":[],"Service":[],"SoftwareApplication":[],"WebPage":[]},"graphName":"BlogPosting","isEnabled":true},"graphs":[]},"schema_type":"default","schema_type_options":null,"pillar_content":false,"robots_default":true,"robots_noindex":false,"robots_noarchive":false,"robots_nosnippet":false,"robots_nofollow":false,"robots_noimageindex":false,"robots_noodp":false,"robots_notranslate":false,"robots_max_snippet":"-1","robots_max_videopreview":"-1","robots_max_imagepreview":"large","priority":null,"frequency":"default","local_seo":null,"seo_analyzer_scan_date":"2025-10-20 15:45:07","breadcrumb_settings":null,"limit_modified_date":false,"reviewed_by":null,"open_ai":null,"ai":null,"created":"2023-03-23 17:49:18","updated":"2026-02-02 14:12:07"},"aioseo_breadcrumb":"<div class=\"aioseo-breadcrumbs\"><span class=\"aioseo-breadcrumb\">\n\t<a href=\"https:\/\/www.africansrising.org\/pt-pt\/\" title=\"Home\">Home<\/a>\n<\/span><span class=\"aioseo-breadcrumb-separator\">&raquo;<\/span><span class=\"aioseo-breadcrumb\">\n\t<a href=\"https:\/\/www.africansrising.org\/pt-pt\/categoria\/noticias\/\" title=\"Not\u00edcias\">Not\u00edcias<\/a>\n<\/span><span class=\"aioseo-breadcrumb-separator\">&raquo;<\/span><span class=\"aioseo-breadcrumb\">\n\t<a href=\"https:\/\/www.africansrising.org\/pt-pt\/categoria\/noticias\/declaracao-de-solidariedade\/\" title=\"Declara\u00e7\u00e3o de Solidariedade\">Declara\u00e7\u00e3o de Solidariedade<\/a>\n<\/span><span class=\"aioseo-breadcrumb-separator\">&raquo;<\/span><span class=\"aioseo-breadcrumb\">\n\tAfricans Rising condena repress\u00e3o a africanos na Tun\u00edsia\n<\/span><\/div>","aioseo_breadcrumb_json":[{"label":"Home","link":"https:\/\/www.africansrising.org\/pt-pt\/"},{"label":"Not\u00edcias","link":"https:\/\/www.africansrising.org\/pt-pt\/categoria\/noticias\/"},{"label":"Declara\u00e7\u00e3o de Solidariedade","link":"https:\/\/www.africansrising.org\/pt-pt\/categoria\/noticias\/declaracao-de-solidariedade\/"},{"label":"Africans Rising condena repress\u00e3o a africanos na Tun\u00edsia","link":"https:\/\/www.africansrising.org\/pt-pt\/africans-rising-condena-repressao-a-africanos-na-tunisia\/"}],"ticketed":false,"_links":{"self":[{"href":"https:\/\/www.africansrising.org\/pt-pt\/wp-json\/wp\/v2\/posts\/27181","targetHints":{"allow":["GET"]}}],"collection":[{"href":"https:\/\/www.africansrising.org\/pt-pt\/wp-json\/wp\/v2\/posts"}],"about":[{"href":"https:\/\/www.africansrising.org\/pt-pt\/wp-json\/wp\/v2\/types\/post"}],"author":[{"embeddable":true,"href":"https:\/\/www.africansrising.org\/pt-pt\/wp-json\/wp\/v2\/users\/6"}],"replies":[{"embeddable":true,"href":"https:\/\/www.africansrising.org\/pt-pt\/wp-json\/wp\/v2\/comments?post=27181"}],"version-history":[{"count":0,"href":"https:\/\/www.africansrising.org\/pt-pt\/wp-json\/wp\/v2\/posts\/27181\/revisions"}],"wp:featuredmedia":[{"embeddable":true,"href":"https:\/\/www.africansrising.org\/pt-pt\/wp-json\/wp\/v2\/media\/25883"}],"wp:attachment":[{"href":"https:\/\/www.africansrising.org\/pt-pt\/wp-json\/wp\/v2\/media?parent=27181"}],"wp:term":[{"taxonomy":"category","embeddable":true,"href":"https:\/\/www.africansrising.org\/pt-pt\/wp-json\/wp\/v2\/categories?post=27181"},{"taxonomy":"post_tag","embeddable":true,"href":"https:\/\/www.africansrising.org\/pt-pt\/wp-json\/wp\/v2\/tags?post=27181"}],"curies":[{"name":"wp","href":"https:\/\/api.w.org\/{rel}","templated":true}]}}